{"id":12943,"date":"2023-06-22T17:37:11","date_gmt":"2023-06-22T15:37:11","guid":{"rendered":"https:\/\/lanaja.sk\/suseni-lnenych-vyrobku\/"},"modified":"2024-05-15T11:59:06","modified_gmt":"2024-05-15T09:59:06","slug":"suseni-lnenych-vyrobku","status":"publish","type":"post","link":"https:\/\/lanaja.sk\/cs\/suseni-lnenych-vyrobku\/","title":{"rendered":"Su\u0161en\u00ed ln\u011bn\u00fdch v\u00fdrobk\u016f"},"content":{"rendered":"\t\t<div data-elementor-type=\"wp-post\" data-elementor-id=\"12943\" class=\"elementor elementor-12943 elementor-8843\" data-elementor-post-type=\"post\">\n\t\t\t\t<div class=\"elementor-element elementor-element-32f1934 e-flex e-con-boxed e-con e-parent\" data-id=\"32f1934\" data-element_type=\"container\" data-e-type=\"container\">\n\t\t\t\t\t<div class=\"e-con-inner\">\n\t\t<div class=\"elementor-element elementor-element-52ae014 e-con-full e-flex e-con e-child\" data-id=\"52ae014\" data-element_type=\"container\" data-e-type=\"container\">\n\t\t\t\t<div class=\"elementor-element elementor-element-28b82e4 elementor-widget elementor-widget-image\" data-id=\"28b82e4\" data-element_type=\"widget\" data-e-type=\"widget\" data-widget_type=\"image.default\">\n\t\t\t\t<div class=\"elementor-widget-container\">\n\t\t\t\t\t\t\t\t\t\t\t\t\t\t\t<img fetchpriority=\"high\" decoding=\"async\" width=\"695\" height=\"1024\" src=\"https:\/\/lanaja.sk\/wp-content\/uploads\/2023\/06\/IMG_4045-695x1024.webp\" class=\"attachment-large size-large wp-image-8853\" alt=\"ako su\u0161i\u0165 a pra\u0165 \u013eanov\u00e9 oblie\u010dky a \u013eanov\u00e9 plachty\" srcset=\"https:\/\/lanaja.sk\/wp-content\/uploads\/2023\/06\/IMG_4045-695x1024.webp 695w, https:\/\/lanaja.sk\/wp-content\/uploads\/2023\/06\/IMG_4045-jpeg-e1687445075672-800x1179.webp 800w, https:\/\/lanaja.sk\/wp-content\/uploads\/2023\/06\/IMG_4045-204x300.webp 204w, https:\/\/lanaja.sk\/wp-content\/uploads\/2023\/06\/IMG_4045-768x1131.webp 768w, https:\/\/lanaja.sk\/wp-content\/uploads\/2023\/06\/IMG_4045-1043x1536.webp 1043w, https:\/\/lanaja.sk\/wp-content\/uploads\/2023\/06\/IMG_4045-1390x2048.webp 1390w, https:\/\/lanaja.sk\/wp-content\/uploads\/2023\/06\/IMG_4045-jpeg-e1687445075672.webp 1018w\" sizes=\"(max-width: 695px) 100vw, 695px\" \/>\t\t\t\t\t\t\t\t\t\t\t\t\t\t\t<\/div>\n\t\t\t\t<\/div>\n\t\t\t\t<\/div>\n\t\t<div class=\"elementor-element elementor-element-faba336 e-con-full e-flex e-con e-child\" data-id=\"faba336\" data-element_type=\"container\" data-e-type=\"container\">\n\t\t\t\t<div class=\"elementor-element elementor-element-9f7032d elementor-widget elementor-widget-text-editor\" data-id=\"9f7032d\" data-element_type=\"widget\" data-e-type=\"widget\" data-widget_type=\"text-editor.default\">\n\t\t\t\t<div class=\"elementor-widget-container\">\n\t\t\t\t\t\t\t\t\t<p><strong>  Su\u0161en\u00ed ln\u011bn\u00fdch produkt\u016f venku na vzduchu a na slunci p\u0159in\u00e1\u0161\u00ed mnoho pozitivn\u00edch v\u00fdhod. Zde je n\u011bkolik d\u016fvod\u016f, pro\u010d je tato metoda nejlep\u0161\u00ed a nejp\u0159irozen\u011bj\u0161\u00ed:<\/strong><\/p>\n<p><strong>P\u0159\u00edrodn\u00ed dezinfekce:<\/strong> Slune\u010dn\u00ed paprsky maj\u00ed p\u0159irozen\u00e9 dezinfek\u010dn\u00ed vlastnosti, kter\u00e9 pom\u00e1haj\u00ed odstra\u0148ovat bakterie a pachy, mohou osv\u011b\u017eit a dezinfikovat va\u0161e ln\u011bn\u00e9 v\u00fdrobky. Je to ide\u00e1ln\u00ed zp\u016fsob, jak udr\u017eet va\u0161e ln\u011bn\u00e9 py\u017eamo nebo ln\u011bn\u00e9 pr\u00e1dlo \u010dist\u00e9 a hygienick\u00e9 bez pou\u017eit\u00ed chemick\u00fdch p\u0159\u00edpravk\u016f. Su\u0161en\u00ed na slunci je p\u0159irozen\u00fd zp\u016fsob, jak udr\u017eet va\u0161e produkty \u010dist\u00e9 a \u010derstv\u00e9. Slune\u010dn\u00ed sv\u011btlo m\u00e1 tak\u00e9 b\u011bl\u00edc\u00ed \u00fa\u010dinek, kter\u00fd pom\u00e1h\u00e1 p\u0159irozen\u011b zesv\u011btlit len. Va\u0161e v\u00fdrobky budou vypadat sv\u011b\u017ee a v p\u0159\u00edpad\u011b barevn\u00fdch si jasn\u00e9 barvy zachovaj\u00ed svou p\u0159irozenou kr\u00e1su. P\u0159irozen\u00e9 sv\u011btlo pom\u00e1h\u00e1 udr\u017eovat jejich \u017eivost a zabra\u0148uje vyblednut\u00ed. A jak takov\u00e9 pr\u00e1dlo kr\u00e1sn\u011b von\u00ed. Jemn\u00fd v\u00edtr a vzduch umo\u017e\u0148uj\u00ed lnu d\u00fdchat a zachovat si svou p\u0159irozenou m\u011bkkost.<\/p>\n<p><strong>Zachov\u00e1n\u00ed p\u0159irozen\u00e9 kvality<\/strong>: Len je p\u0159\u00edrodn\u00ed materi\u00e1l, zn\u00e1m\u00fd svou odolnost\u00ed a trvanlivost\u00ed. Su\u0161en\u00ed na vzduchu a slunci je \u0161etrn\u00fd zp\u016fsob, jak zachovat jeho p\u0159irozenou kvalitu. P\u0159i vystaven\u00ed slune\u010dn\u00edmu z\u00e1\u0159en\u00ed ln\u011bn\u00e1 vl\u00e1kna o\u017eiv\u00ed a zachovaj\u00ed si svou pevnost, co\u017e v\u00e1m zaru\u010d\u00ed del\u0161\u00ed \u017eivotnost va\u0161ich ln\u011bn\u00fdch v\u00fdrobk\u016f.<\/p><\/p>\n\t\t\t\t\t\t\t\t<\/div>\n\t\t\t\t<\/div>\n\t\t\t\t<\/div>\n\t\t\t\t\t<\/div>\n\t\t\t\t<\/div>\n\t\t<div class=\"elementor-element elementor-element-7cbf518 e-flex e-con-boxed e-con e-parent\" data-id=\"7cbf518\" data-element_type=\"container\" data-e-type=\"container\">\n\t\t\t\t\t<div class=\"e-con-inner\">\n\t\t\t\t<div class=\"elementor-element elementor-element-7e4108d elementor-widget-divider--view-line elementor-widget elementor-widget-divider\" data-id=\"7e4108d\" data-element_type=\"widget\" data-e-type=\"widget\" data-widget_type=\"divider.default\">\n\t\t\t\t<div class=\"elementor-widget-container\">\n\t\t\t\t\t\t\t<div class=\"elementor-divider\">\n\t\t\t<span class=\"elementor-divider-separator\">\n\t\t\t\t\t\t<\/span>\n\t\t<\/div>\n\t\t\t\t\t\t<\/div>\n\t\t\t\t<\/div>\n\t\t\t\t\t<\/div>\n\t\t\t\t<\/div>\n\t\t<div class=\"elementor-element elementor-element-c291511 e-flex e-con-boxed e-con e-parent\" data-id=\"c291511\" data-element_type=\"container\" data-e-type=\"container\">\n\t\t\t\t\t<div class=\"e-con-inner\">\n\t\t<div class=\"elementor-element elementor-element-16ba384 e-con-full e-flex e-con e-child\" data-id=\"16ba384\" data-element_type=\"container\" data-e-type=\"container\">\n\t\t\t\t<div class=\"elementor-element elementor-element-dbe1a21 elementor-widget elementor-widget-image\" data-id=\"dbe1a21\" data-element_type=\"widget\" data-e-type=\"widget\" data-widget_type=\"image.default\">\n\t\t\t\t<div class=\"elementor-widget-container\">\n\t\t\t\t\t\t\t\t\t\t\t\t\t\t\t<img decoding=\"async\" width=\"661\" height=\"1024\" src=\"https:\/\/lanaja.sk\/wp-content\/uploads\/2023\/06\/IMG_4090-661x1024.webp\" class=\"attachment-large size-large wp-image-8855\" alt=\"ako su\u0161i\u0165 a pra\u0165 \u013eanov\u00e9 veci a \u013eanov\u00e9 py\u017eam\u00e1\" srcset=\"https:\/\/lanaja.sk\/wp-content\/uploads\/2023\/06\/IMG_4090-661x1024.webp 661w, https:\/\/lanaja.sk\/wp-content\/uploads\/2023\/06\/IMG_4090-jpeg-800x1240.webp 800w, https:\/\/lanaja.sk\/wp-content\/uploads\/2023\/06\/IMG_4090-194x300.webp 194w, https:\/\/lanaja.sk\/wp-content\/uploads\/2023\/06\/IMG_4090-768x1190.webp 768w, https:\/\/lanaja.sk\/wp-content\/uploads\/2023\/06\/IMG_4090-jpeg.webp 810w\" sizes=\"(max-width: 661px) 100vw, 661px\" \/>\t\t\t\t\t\t\t\t\t\t\t\t\t\t\t<\/div>\n\t\t\t\t<\/div>\n\t\t\t\t<\/div>\n\t\t<div class=\"elementor-element elementor-element-92e4828 e-con-full e-flex e-con e-child\" data-id=\"92e4828\" data-element_type=\"container\" data-e-type=\"container\">\n\t\t\t\t<div class=\"elementor-element elementor-element-4b2a722 elementor-widget elementor-widget-text-editor\" data-id=\"4b2a722\" data-element_type=\"widget\" data-e-type=\"widget\" data-widget_type=\"text-editor.default\">\n\t\t\t\t<div class=\"elementor-widget-container\">\n\t\t\t\t\t\t\t\t\t<p><strong>P\u0159\u00edrodn\u00ed odvlh\u010dovac\u00ed vlastnost:<\/strong> Venkovn\u00ed vzduch dok\u00e1\u017ee p\u0159irozen\u011b odstranit p\u0159ebyte\u010dnou vlhkost z ln\u011bn\u00fdch v\u00fdrobk\u016f ve velmi kr\u00e1tk\u00e9 dob\u011b. Len je materi\u00e1l, kter\u00fd rychle schne. Su\u0161en\u00ed vzduchem a sluncem je nejp\u0159irozen\u011bj\u0161\u00ed zp\u016fsob, kter\u00fd umo\u017e\u0148uje p\u0159irozen\u00e9 proud\u011bn\u00ed vzduchu spolu se slune\u010dn\u00edmi paprsky, kter\u00e9 pom\u00e1haj\u00ed odv\u00e1d\u011bt vlhkost a zaji\u0161\u0165uj\u00ed p\u0159irozen\u00e9 a zdrav\u00e9 su\u0161en\u00ed. Slune\u010dn\u00ed paprsky maj\u00ed p\u0159\u00edzniv\u00fd vliv na strukturu ln\u011bn\u00e9 tkaniny. Pom\u00e1h\u00e1 o\u017eivit vl\u00e1kna, co\u017e vede ke zlep\u0161en\u00ed jejich pevnosti a odolnosti. Va\u0161e ln\u011bn\u00e9 v\u00fdrobky budou d\u00e9le vynikat svou kvalitou a vy je udr\u017e\u00edte v dobr\u00e9m stavu.<\/p>\n<p><strong>\u00daspora energie:<\/strong> Su\u0161en\u00ed na vzduchu a slunci je ekologicky udr\u017eiteln\u00e1 varianta, proto\u017ee nepot\u0159ebujete \u017e\u00e1dnou su\u0161i\u010dku. T\u00edmto zp\u016fsobem \u0161et\u0159\u00edte energii a p\u0159isp\u00edv\u00e1te k ochran\u011b \u017eivotn\u00edho prost\u0159ed\u00ed. T\u0159en\u00ed a potenci\u00e1ln\u00ed po\u0161kozen\u00ed ln\u011bn\u00fdch vl\u00e1ken jsou minimalizov\u00e1ny, co\u017e p\u0159isp\u00edv\u00e1 k jejich del\u0161\u00ed \u017eivotnosti. Va\u0161e ln\u011bn\u00e9 v\u00fdrobky budou i po dlouh\u00e9 dob\u011b pou\u017e\u00edv\u00e1n\u00ed vypadat jako nov\u00e9.<\/p>\n<p><strong>P\u0159irozen\u00e1 vlastnost \u017eehlen\u00ed:<\/strong> Kdy\u017e su\u0161\u00edte ln\u011bn\u00e9 v\u00fdrobky na slunci, jejich vl\u00e1kna se jemn\u011b vyrovnaj\u00ed a vyhlad\u00ed. D\u00edky tomu budou va\u0161e v\u00fdrobky m\u00e9n\u011b n\u00e1chyln\u00e9 ke zv\u00fd\u0161en\u00e9mu ma\u010dk\u00e1n\u00ed a u\u0161et\u0159\u00edte \u010das p\u0159i \u017eehlen\u00ed. Pokud m\u00e1te r\u00e1di p\u0159irozen\u00fd z\u00e1hyb lnu, pouh\u00fdm su\u0161en\u00edm na vzduchu bude kr\u00e1sn\u011b a p\u0159irozen\u011b zv\u00fdrazn\u011bn a \u017eehlen\u00ed lze p\u0159esko\u010dit. V\u00edm, \u017ee m\u00e1m i v\u00e1s, kte\u0159\u00ed se necht\u011bj\u00ed vzd\u00e1t \u017eehlen\u00ed, m\u00e1m pro v\u00e1s dobrou zpr\u00e1vu, bude pro v\u00e1s snaz\u0161\u00ed takto vy\u017eehlit pr\u00e1dlo su\u0161en\u00e9. Pokud byste ji cht\u011bli m\u00edt \u00fapln\u011b hladkou, je pot\u0159eba ji \u017eehlit je\u0161t\u011b mokrou, ale pozor, p\u0159\u00edli\u0161 hork\u00e1 \u017eehli\u010dka m\u016f\u017ee na pr\u00e1dle zanechat ne\u017e\u00e1douc\u00ed lesk.<\/p>\n\t\t\t\t\t\t\t\t<\/div>\n\t\t\t\t<\/div>\n\t\t\t\t<\/div>\n\t\t\t\t\t<\/div>\n\t\t\t\t<\/div>\n\t\t<div class=\"elementor-element elementor-element-203639c e-flex e-con-boxed e-con e-parent\" data-id=\"203639c\" data-element_type=\"container\" data-e-type=\"container\">\n\t\t\t\t\t<div class=\"e-con-inner\">\n\t\t\t\t<div class=\"elementor-element elementor-element-6d6165f elementor-widget-divider--view-line elementor-widget elementor-widget-divider\" data-id=\"6d6165f\" data-element_type=\"widget\" data-e-type=\"widget\" data-widget_type=\"divider.default\">\n\t\t\t\t<div class=\"elementor-widget-container\">\n\t\t\t\t\t\t\t<div class=\"elementor-divider\">\n\t\t\t<span class=\"elementor-divider-separator\">\n\t\t\t\t\t\t<\/span>\n\t\t<\/div>\n\t\t\t\t\t\t<\/div>\n\t\t\t\t<\/div>\n\t\t\t\t\t<\/div>\n\t\t\t\t<\/div>\n\t\t<div class=\"elementor-element elementor-element-0ec2d8e e-flex e-con-boxed e-con e-parent\" data-id=\"0ec2d8e\" data-element_type=\"container\" data-e-type=\"container\">\n\t\t\t\t\t<div class=\"e-con-inner\">\n\t\t<div class=\"elementor-element elementor-element-664d635 e-con-full e-flex e-con e-child\" data-id=\"664d635\" data-element_type=\"container\" data-e-type=\"container\">\n\t\t\t\t<div class=\"elementor-element elementor-element-db5ad84 elementor-widget elementor-widget-text-editor\" data-id=\"db5ad84\" data-element_type=\"widget\" data-e-type=\"widget\" data-widget_type=\"text-editor.default\">\n\t\t\t\t<div class=\"elementor-widget-container\">\n\t\t\t\t\t\t\t\t\t<p><strong>Len je p\u0159\u00edrodn\u00ed materi\u00e1l, \u010dist\u00fd, p\u0159\u00edrodn\u00ed produkt, proto na to p\u0159i su\u0161en\u00ed myslete.<\/strong>  Prosp\u00edv\u00e1 mu vzduch, su\u0161en\u00ed v su\u0161i\u010dce nadm\u011brn\u011b opot\u0159ebov\u00e1v\u00e1 ln\u011bn\u00e1 vl\u00e1kna, stejn\u011b jako v\u0161echny takto vysu\u0161en\u00e9 textilie. Pokud m\u016f\u017eete, vyhn\u011bte se tomu. Pokud nem\u00e1te jinou mo\u017enost, nastavte na su\u0161i\u010dce ni\u017e\u0161\u00ed teplotu su\u0161en\u00ed, po vyjmut\u00ed bude je\u0161t\u011b vlh\u010d\u00ed, ale rychle vyschne. P\u0159em\u00fd\u0161lejte o tom, odm\u011bn\u00ed v\u00e1s za va\u0161i p\u00e9\u010di svou jemnost\u00ed, p\u0159irozenou kr\u00e1sou. Pokud jste nem\u011bli ani jednu z mo\u017enost\u00ed, bude v\u00e1m sta\u010dit su\u0161i\u010dka pr\u00e1dla, o kter\u00e9 ani nebudete v\u011bd\u011bt, a ln\u011bn\u00e1 prost\u011bradla, nebo jak\u00e9koli v\u00fdrobky uschnou v kr\u00e1tk\u00e9 dob\u011b, tuto vlastnost ur\u010dit\u011b ocen\u00edte.<\/p>\n\t\t\t\t\t\t\t\t<\/div>\n\t\t\t\t<\/div>\n\t\t\t\t<\/div>\n\t\t<div class=\"elementor-element elementor-element-e4bcdf1 e-con-full e-flex e-con e-child\" data-id=\"e4bcdf1\" data-element_type=\"container\" data-e-type=\"container\">\n\t\t\t\t<div class=\"elementor-element elementor-element-fca62e5 elementor-widget elementor-widget-video\" data-id=\"fca62e5\" data-element_type=\"widget\" data-e-type=\"widget\" data-settings=\"{&quot;youtube_url&quot;:&quot;https:\\\/\\\/www.youtube.com\\\/watch?v=RSSTJlXvGtY&quot;,&quot;video_type&quot;:&quot;youtube&quot;,&quot;controls&quot;:&quot;yes&quot;}\" data-widget_type=\"video.default\">\n\t\t\t\t<div class=\"elementor-widget-container\">\n\t\t\t\t\t\t\t<div class=\"elementor-wrapper elementor-open-inline\">\n\t\t\t<div class=\"elementor-video\"><\/div>\t\t<\/div>\n\t\t\t\t\t\t<\/div>\n\t\t\t\t<\/div>\n\t\t\t\t<\/div>\n\t\t\t\t\t<\/div>\n\t\t\t\t<\/div>\n\t\t<div class=\"elementor-element elementor-element-ce55ef2 e-flex e-con-boxed e-con e-parent\" data-id=\"ce55ef2\" data-element_type=\"container\" data-e-type=\"container\">\n\t\t\t\t\t<div class=\"e-con-inner\">\n\t\t\t\t<div class=\"elementor-element elementor-element-44f79a3 elementor-widget-divider--view-line elementor-widget elementor-widget-divider\" data-id=\"44f79a3\" data-element_type=\"widget\" data-e-type=\"widget\" data-widget_type=\"divider.default\">\n\t\t\t\t<div class=\"elementor-widget-container\">\n\t\t\t\t\t\t\t<div class=\"elementor-divider\">\n\t\t\t<span class=\"elementor-divider-separator\">\n\t\t\t\t\t\t<\/span>\n\t\t<\/div>\n\t\t\t\t\t\t<\/div>\n\t\t\t\t<\/div>\n\t\t\t\t\t<\/div>\n\t\t\t\t<\/div>\n\t\t<div class=\"elementor-element elementor-element-e36560d e-flex e-con-boxed e-con e-parent\" data-id=\"e36560d\" data-element_type=\"container\" data-e-type=\"container\">\n\t\t\t\t\t<div class=\"e-con-inner\">\n\t\t\t\t<div class=\"elementor-element elementor-element-c3e6bb1 elementor-widget elementor-widget-text-editor\" data-id=\"c3e6bb1\" data-element_type=\"widget\" data-e-type=\"widget\" data-widget_type=\"text-editor.default\">\n\t\t\t\t<div class=\"elementor-widget-container\">\n\t\t\t\t\t\t\t\t\t<p>Kdy\u017e si vyberete na\u0161e ln\u011bn\u00e9 v\u00fdrobky, vybrali jste si to nejlep\u0161\u00ed, co p\u0159\u00edroda nab\u00edz\u00ed. A aby bylo dosa\u017eeno jejich maxim\u00e1ln\u00ed kvality a trvanlivosti, je d\u016fle\u017eit\u00e9 jim to vr\u00e1tit. Proto je nejlep\u0161\u00ed volbou su\u0161en\u00ed na \u010derstv\u00e9m vzduchu a slunci.<\/p>\n<div>Jednou z hlavn\u00edch v\u00fdhod su\u0161en\u00ed na \u010derstv\u00e9m vzduchu je p\u0159irozen\u00e1 a \u0161etrn\u00e1 p\u00e9\u010de o ln\u011bn\u00e1 vl\u00e1kna. Kdy\u017e nech\u00e1te sv\u00e9 ln\u011bn\u00e9 produkty voln\u011b su\u0161it na vzduchu, umo\u017en\u00edte jim d\u00fdchat a regenerovat. Slune\u010dn\u00ed paprsky p\u0159\u00edjemn\u011b hlad\u00ed ka\u017ed\u00e9 vl\u00e1kno, o\u017eivuj\u00ed ho a z\u00e1rove\u0148 jemn\u011b dezinfikuj\u00ed, odstra\u0148uj\u00ed ne\u010distoty a pachy.<\/div>\n<div>Slunce je zdrojem \u017eivota a st\u00e1v\u00e1 se nejlep\u0161\u00edm p\u0159\u00edtelem va\u0161eho lnu. V\u00fdsledkem je obnoven\u00fd lesk lnu, kter\u00fd je p\u0159\u00edjemn\u00fd na dotek a vizu\u00e1ln\u011b osv\u011b\u017euj\u00edc\u00ed. Va\u0161e ln\u011bn\u00e9 v\u00fdrobky se stanou skute\u010dn\u00fdmi klenoty va\u0161eho domova a vy vytvo\u0159\u00edte prost\u0159ed\u00ed, kter\u00e9 je p\u0159irozen\u00e9 a p\u0159\u00e1telsk\u00e9 k va\u0161im v\u00fdrobk\u016fm.<\/div>\n\t\t\t\t\t\t\t\t<\/div>\n\t\t\t\t<\/div>\n\t\t\t\t\t<\/div>\n\t\t\t\t<\/div>\n\t\t<div class=\"elementor-element elementor-element-d15553f e-flex e-con-boxed e-con e-parent\" data-id=\"d15553f\" data-element_type=\"container\" data-e-type=\"container\">\n\t\t\t\t\t<div class=\"e-con-inner\">\n\t\t\t\t<div class=\"elementor-element elementor-element-7c7f20c elementor-widget-divider--view-line elementor-widget elementor-widget-divider\" data-id=\"7c7f20c\" data-element_type=\"widget\" data-e-type=\"widget\" data-widget_type=\"divider.default\">\n\t\t\t\t<div class=\"elementor-widget-container\">\n\t\t\t\t\t\t\t<div class=\"elementor-divider\">\n\t\t\t<span class=\"elementor-divider-separator\">\n\t\t\t\t\t\t<\/span>\n\t\t<\/div>\n\t\t\t\t\t\t<\/div>\n\t\t\t\t<\/div>\n\t\t\t\t\t<\/div>\n\t\t\t\t<\/div>\n\t\t\t\t<\/div>\n\t\t","protected":false},"excerpt":{"rendered":"<p>Su\u0161en\u00ed ln\u011bn\u00fdch produkt\u016f venku na vzduchu a na slunci p\u0159in\u00e1\u0161\u00ed mnoho pozitivn\u00edch v\u00fdhod. Zde je n\u011bkolik d\u016fvod\u016f, pro\u010d je tato metoda nejlep\u0161\u00ed a nejp\u0159irozen\u011bj\u0161\u00ed: P\u0159\u00edrodn\u00ed dezinfekce: Slune\u010dn\u00ed paprsky maj\u00ed p\u0159irozen\u00e9 dezinfek\u010dn\u00ed vlastnosti, kter\u00e9 pom\u00e1haj\u00ed odstra\u0148ovat bakterie a pachy, mohou osv\u011b\u017eit a dezinfikovat va\u0161e ln\u011bn\u00e9 v\u00fdrobky. Je to ide\u00e1ln\u00ed zp\u016fsob, jak udr\u017eet va\u0161e ln\u011bn\u00e9 py\u017eamo nebo [&hellip;]<\/p>\n","protected":false},"author":2,"featured_media":8847,"comment_status":"closed","ping_status":"closed","sticky":false,"template":"","format":"standard","meta":{"footnotes":""},"categories":[165,310],"tags":[309,308,305,306,307],"class_list":["post-12943","post","type-post","status-publish","format-standard","has-post-thumbnail","hentry","category-len","category-udrzitelny-zivot","tag-jak-se-starat-o-len","tag-pece-o-len","tag-suseni-lnenych-vyrobku","tag-suseni-pradla","tag-suseni-pradla-na-slunci"],"yoast_head":"<!-- This site is optimized with the Yoast SEO plugin v27.4 - https:\/\/yoast.com\/product\/yoast-seo-wordpress\/ -->\n<title>Su\u0161en\u00ed ln\u011bn\u00fdch v\u00fdrobk\u016f &#8226; Lanaja-slovensk\u00e1 udr\u017eiteln\u00e1 zna\u010dka a v\u00fdrobce ln\u011bn\u00e9ho textilu<\/title>\n<meta name=\"description\" content=\"Su\u0161en\u00ed ln\u011bn\u00fdch produkt\u016f venku na vzduchu a na slunci p\u0159in\u00e1\u0161\u00ed mnoho pozitivn\u00edch v\u00fdhod. Zde je n\u011bkolik d\u016fvod\u016f...\" \/>\n<meta name=\"robots\" content=\"index, follow, max-snippet:-1, max-image-preview:large, max-video-preview:-1\" \/>\n<link rel=\"canonical\" href=\"https:\/\/lanaja.sk\/cs\/suseni-lnenych-vyrobku\/\" \/>\n<meta property=\"og:locale\" content=\"cs_CZ\" \/>\n<meta property=\"og:type\" content=\"article\" \/>\n<meta property=\"og:title\" content=\"Su\u0161en\u00ed ln\u011bn\u00fdch v\u00fdrobk\u016f &#8226; Lanaja-slovensk\u00e1 udr\u017eiteln\u00e1 zna\u010dka a v\u00fdrobce ln\u011bn\u00e9ho textilu\" \/>\n<meta property=\"og:description\" content=\"Su\u0161en\u00ed ln\u011bn\u00fdch produkt\u016f venku na vzduchu a na slunci p\u0159in\u00e1\u0161\u00ed mnoho pozitivn\u00edch v\u00fdhod. Zde je n\u011bkolik d\u016fvod\u016f...\" \/>\n<meta property=\"og:url\" content=\"https:\/\/lanaja.sk\/cs\/suseni-lnenych-vyrobku\/\" \/>\n<meta property=\"og:site_name\" content=\"Lanaja-slovensk\u00e1 udr\u017eiteln\u00e1 zna\u010dka a v\u00fdrobce ln\u011bn\u00e9ho textilu\" \/>\n<meta property=\"article:publisher\" content=\"https:\/\/www.facebook.com\/Abreadbag\" \/>\n<meta property=\"article:published_time\" content=\"2023-06-22T15:37:11+00:00\" \/>\n<meta property=\"article:modified_time\" content=\"2024-05-15T09:59:06+00:00\" \/>\n<meta property=\"og:image\" content=\"https:\/\/lanaja.sk\/wp-content\/uploads\/2023\/06\/IMG_4042-jpeg.webp\" \/>\n\t<meta property=\"og:image:width\" content=\"1578\" \/>\n\t<meta property=\"og:image:height\" content=\"1909\" \/>\n\t<meta property=\"og:image:type\" content=\"image\/jpeg\" \/>\n<meta name=\"author\" content=\"Al\u017ebeta Andr\u00e1\u0161ikov\u00e1\" \/>\n<meta name=\"twitter:card\" content=\"summary_large_image\" \/>\n<meta name=\"twitter:label1\" content=\"Napsal(a)\" \/>\n\t<meta name=\"twitter:data1\" content=\"Al\u017ebeta Andr\u00e1\u0161ikov\u00e1\" \/>\n\t<meta name=\"twitter:label2\" content=\"Odhadovan\u00e1 doba \u010dten\u00ed\" \/>\n\t<meta name=\"twitter:data2\" content=\"5 minut\" \/>\n<script type=\"application\/ld+json\" class=\"yoast-schema-graph\">{\"@context\":\"https:\\\/\\\/schema.org\",\"@graph\":[{\"@type\":\"Article\",\"@id\":\"https:\\\/\\\/lanaja.sk\\\/cs\\\/suseni-lnenych-vyrobku\\\/#article\",\"isPartOf\":{\"@id\":\"https:\\\/\\\/lanaja.sk\\\/cs\\\/suseni-lnenych-vyrobku\\\/\"},\"author\":{\"name\":\"Al\u017ebeta Andr\u00e1\u0161ikov\u00e1\",\"@id\":\"https:\\\/\\\/lanaja.sk\\\/cs\\\/#\\\/schema\\\/person\\\/03b484e8a920977800eb66d001ff7437\"},\"headline\":\"Su\u0161en\u00ed ln\u011bn\u00fdch v\u00fdrobk\u016f\",\"datePublished\":\"2023-06-22T15:37:11+00:00\",\"dateModified\":\"2024-05-15T09:59:06+00:00\",\"mainEntityOfPage\":{\"@id\":\"https:\\\/\\\/lanaja.sk\\\/cs\\\/suseni-lnenych-vyrobku\\\/\"},\"wordCount\":951,\"publisher\":{\"@id\":\"https:\\\/\\\/lanaja.sk\\\/cs\\\/#organization\"},\"image\":{\"@id\":\"https:\\\/\\\/lanaja.sk\\\/cs\\\/suseni-lnenych-vyrobku\\\/#primaryimage\"},\"thumbnailUrl\":\"https:\\\/\\\/lanaja.sk\\\/wp-content\\\/uploads\\\/2023\\\/06\\\/IMG_4042-jpeg.webp\",\"keywords\":[\"Jak se starat o len\",\"P\u00e9\u010de o len\",\"su\u0161en\u00ed ln\u011bn\u00fdch v\u00fdrobk\u016f\",\"su\u0161en\u00ed pr\u00e1dla\",\"Su\u0161en\u00ed pr\u00e1dla na slunci\"],\"articleSection\":[\"Len\",\"Udr\u017eiteln\u00fd \u017eivot\"],\"inLanguage\":\"cs\"},{\"@type\":\"WebPage\",\"@id\":\"https:\\\/\\\/lanaja.sk\\\/cs\\\/suseni-lnenych-vyrobku\\\/\",\"url\":\"https:\\\/\\\/lanaja.sk\\\/cs\\\/suseni-lnenych-vyrobku\\\/\",\"name\":\"Su\u0161en\u00ed ln\u011bn\u00fdch v\u00fdrobk\u016f &#8226; Lanaja-slovensk\u00e1 udr\u017eiteln\u00e1 zna\u010dka a v\u00fdrobce ln\u011bn\u00e9ho textilu\",\"isPartOf\":{\"@id\":\"https:\\\/\\\/lanaja.sk\\\/cs\\\/#website\"},\"primaryImageOfPage\":{\"@id\":\"https:\\\/\\\/lanaja.sk\\\/cs\\\/suseni-lnenych-vyrobku\\\/#primaryimage\"},\"image\":{\"@id\":\"https:\\\/\\\/lanaja.sk\\\/cs\\\/suseni-lnenych-vyrobku\\\/#primaryimage\"},\"thumbnailUrl\":\"https:\\\/\\\/lanaja.sk\\\/wp-content\\\/uploads\\\/2023\\\/06\\\/IMG_4042-jpeg.webp\",\"datePublished\":\"2023-06-22T15:37:11+00:00\",\"dateModified\":\"2024-05-15T09:59:06+00:00\",\"description\":\"Su\u0161en\u00ed ln\u011bn\u00fdch produkt\u016f venku na vzduchu a na slunci p\u0159in\u00e1\u0161\u00ed mnoho pozitivn\u00edch v\u00fdhod. Zde je n\u011bkolik d\u016fvod\u016f...\",\"breadcrumb\":{\"@id\":\"https:\\\/\\\/lanaja.sk\\\/cs\\\/suseni-lnenych-vyrobku\\\/#breadcrumb\"},\"inLanguage\":\"cs\",\"potentialAction\":[{\"@type\":\"ReadAction\",\"target\":[\"https:\\\/\\\/lanaja.sk\\\/cs\\\/suseni-lnenych-vyrobku\\\/\"]}]},{\"@type\":\"ImageObject\",\"inLanguage\":\"cs\",\"@id\":\"https:\\\/\\\/lanaja.sk\\\/cs\\\/suseni-lnenych-vyrobku\\\/#primaryimage\",\"url\":\"https:\\\/\\\/lanaja.sk\\\/wp-content\\\/uploads\\\/2023\\\/06\\\/IMG_4042-jpeg.webp\",\"contentUrl\":\"https:\\\/\\\/lanaja.sk\\\/wp-content\\\/uploads\\\/2023\\\/06\\\/IMG_4042-jpeg.webp\",\"width\":1578,\"height\":1909,\"caption\":\"starostlivos\u0165 o \u013ean, ako su\u0161i\u0165 \u013ean, ako pra\u0165 \u013ean\"},{\"@type\":\"BreadcrumbList\",\"@id\":\"https:\\\/\\\/lanaja.sk\\\/cs\\\/suseni-lnenych-vyrobku\\\/#breadcrumb\",\"itemListElement\":[{\"@type\":\"ListItem\",\"position\":1,\"name\":\"Home\",\"item\":\"https:\\\/\\\/lanaja.sk\\\/cs\\\/\"},{\"@type\":\"ListItem\",\"position\":2,\"name\":\"Su\u0161en\u00ed ln\u011bn\u00fdch v\u00fdrobk\u016f\"}]},{\"@type\":\"WebSite\",\"@id\":\"https:\\\/\\\/lanaja.sk\\\/cs\\\/#website\",\"url\":\"https:\\\/\\\/lanaja.sk\\\/cs\\\/\",\"name\":\"Lanaja - bytov\u00fd textil z \u013eanu a \u013eanov\u00e9 v\u00fdrobky\",\"description\":\"Jedine\u010dn\u00fd bytov\u00fd textil, ln\u011bn\u00e9 pytl\u00edky, ln\u011bn\u00e9 ubrusy, ln\u011bn\u00e9 lo\u017en\u00ed povle\u010den\u00ed, ln\u011bn\u00e9 ut\u011brky, ln\u011bn\u00e9 prost\u00edr\u00e1n\u00ed vyroben\u00e9 a \u0161it\u00e9 na Slovensku\",\"publisher\":{\"@id\":\"https:\\\/\\\/lanaja.sk\\\/cs\\\/#organization\"},\"alternateName\":\"Lanaja - v\u00fdrobky z \u013eanu, \u013eanov\u00fd bytov\u00fd textil\",\"potentialAction\":[{\"@type\":\"SearchAction\",\"target\":{\"@type\":\"EntryPoint\",\"urlTemplate\":\"https:\\\/\\\/lanaja.sk\\\/cs\\\/?s={search_term_string}\"},\"query-input\":{\"@type\":\"PropertyValueSpecification\",\"valueRequired\":true,\"valueName\":\"search_term_string\"}}],\"inLanguage\":\"cs\"},{\"@type\":\"Organization\",\"@id\":\"https:\\\/\\\/lanaja.sk\\\/cs\\\/#organization\",\"name\":\"Lanaja\",\"alternateName\":\"Al\u017ebeta Andr\u00e1\u0161ikov\u00e1 - Lanaja\",\"url\":\"https:\\\/\\\/lanaja.sk\\\/cs\\\/\",\"logo\":{\"@type\":\"ImageObject\",\"inLanguage\":\"cs\",\"@id\":\"https:\\\/\\\/lanaja.sk\\\/cs\\\/#\\\/schema\\\/logo\\\/image\\\/\",\"url\":\"https:\\\/\\\/lanaja.sk\\\/wp-content\\\/uploads\\\/2024\\\/01\\\/Lanaja.sk-logo.png\",\"contentUrl\":\"https:\\\/\\\/lanaja.sk\\\/wp-content\\\/uploads\\\/2024\\\/01\\\/Lanaja.sk-logo.png\",\"width\":600,\"height\":300,\"caption\":\"Lanaja\"},\"image\":{\"@id\":\"https:\\\/\\\/lanaja.sk\\\/cs\\\/#\\\/schema\\\/logo\\\/image\\\/\"},\"sameAs\":[\"https:\\\/\\\/www.facebook.com\\\/Abreadbag\",\"https:\\\/\\\/www.instagram.com\\\/lanaja_sk\\\/\"]},{\"@type\":\"Person\",\"@id\":\"https:\\\/\\\/lanaja.sk\\\/cs\\\/#\\\/schema\\\/person\\\/03b484e8a920977800eb66d001ff7437\",\"name\":\"Al\u017ebeta Andr\u00e1\u0161ikov\u00e1\",\"image\":{\"@type\":\"ImageObject\",\"inLanguage\":\"cs\",\"@id\":\"https:\\\/\\\/secure.gravatar.com\\\/avatar\\\/82259c03c46dc4c5e2c3213c2a75239b3f9f30a170c7e18e1b4ea244fd601f8c?s=96&d=mm&r=g\",\"url\":\"https:\\\/\\\/secure.gravatar.com\\\/avatar\\\/82259c03c46dc4c5e2c3213c2a75239b3f9f30a170c7e18e1b4ea244fd601f8c?s=96&d=mm&r=g\",\"contentUrl\":\"https:\\\/\\\/secure.gravatar.com\\\/avatar\\\/82259c03c46dc4c5e2c3213c2a75239b3f9f30a170c7e18e1b4ea244fd601f8c?s=96&d=mm&r=g\",\"caption\":\"Al\u017ebeta Andr\u00e1\u0161ikov\u00e1\"}}]}<\/script>\n<!-- \/ Yoast SEO plugin. -->","yoast_head_json":{"title":"Su\u0161en\u00ed ln\u011bn\u00fdch v\u00fdrobk\u016f &#8226; Lanaja-slovensk\u00e1 udr\u017eiteln\u00e1 zna\u010dka a v\u00fdrobce ln\u011bn\u00e9ho textilu","description":"Su\u0161en\u00ed ln\u011bn\u00fdch produkt\u016f venku na vzduchu a na slunci p\u0159in\u00e1\u0161\u00ed mnoho pozitivn\u00edch v\u00fdhod. Zde je n\u011bkolik d\u016fvod\u016f...","robots":{"index":"index","follow":"follow","max-snippet":"max-snippet:-1","max-image-preview":"max-image-preview:large","max-video-preview":"max-video-preview:-1"},"canonical":"https:\/\/lanaja.sk\/cs\/suseni-lnenych-vyrobku\/","og_locale":"cs_CZ","og_type":"article","og_title":"Su\u0161en\u00ed ln\u011bn\u00fdch v\u00fdrobk\u016f &#8226; Lanaja-slovensk\u00e1 udr\u017eiteln\u00e1 zna\u010dka a v\u00fdrobce ln\u011bn\u00e9ho textilu","og_description":"Su\u0161en\u00ed ln\u011bn\u00fdch produkt\u016f venku na vzduchu a na slunci p\u0159in\u00e1\u0161\u00ed mnoho pozitivn\u00edch v\u00fdhod. Zde je n\u011bkolik d\u016fvod\u016f...","og_url":"https:\/\/lanaja.sk\/cs\/suseni-lnenych-vyrobku\/","og_site_name":"Lanaja-slovensk\u00e1 udr\u017eiteln\u00e1 zna\u010dka a v\u00fdrobce ln\u011bn\u00e9ho textilu","article_publisher":"https:\/\/www.facebook.com\/Abreadbag","article_published_time":"2023-06-22T15:37:11+00:00","article_modified_time":"2024-05-15T09:59:06+00:00","og_image":[{"width":1578,"height":1909,"url":"https:\/\/lanaja.sk\/wp-content\/uploads\/2023\/06\/IMG_4042-jpeg.webp","type":"image\/jpeg"}],"author":"Al\u017ebeta Andr\u00e1\u0161ikov\u00e1","twitter_card":"summary_large_image","twitter_misc":{"Napsal(a)":"Al\u017ebeta Andr\u00e1\u0161ikov\u00e1","Odhadovan\u00e1 doba \u010dten\u00ed":"5 minut"},"schema":{"@context":"https:\/\/schema.org","@graph":[{"@type":"Article","@id":"https:\/\/lanaja.sk\/cs\/suseni-lnenych-vyrobku\/#article","isPartOf":{"@id":"https:\/\/lanaja.sk\/cs\/suseni-lnenych-vyrobku\/"},"author":{"name":"Al\u017ebeta Andr\u00e1\u0161ikov\u00e1","@id":"https:\/\/lanaja.sk\/cs\/#\/schema\/person\/03b484e8a920977800eb66d001ff7437"},"headline":"Su\u0161en\u00ed ln\u011bn\u00fdch v\u00fdrobk\u016f","datePublished":"2023-06-22T15:37:11+00:00","dateModified":"2024-05-15T09:59:06+00:00","mainEntityOfPage":{"@id":"https:\/\/lanaja.sk\/cs\/suseni-lnenych-vyrobku\/"},"wordCount":951,"publisher":{"@id":"https:\/\/lanaja.sk\/cs\/#organization"},"image":{"@id":"https:\/\/lanaja.sk\/cs\/suseni-lnenych-vyrobku\/#primaryimage"},"thumbnailUrl":"https:\/\/lanaja.sk\/wp-content\/uploads\/2023\/06\/IMG_4042-jpeg.webp","keywords":["Jak se starat o len","P\u00e9\u010de o len","su\u0161en\u00ed ln\u011bn\u00fdch v\u00fdrobk\u016f","su\u0161en\u00ed pr\u00e1dla","Su\u0161en\u00ed pr\u00e1dla na slunci"],"articleSection":["Len","Udr\u017eiteln\u00fd \u017eivot"],"inLanguage":"cs"},{"@type":"WebPage","@id":"https:\/\/lanaja.sk\/cs\/suseni-lnenych-vyrobku\/","url":"https:\/\/lanaja.sk\/cs\/suseni-lnenych-vyrobku\/","name":"Su\u0161en\u00ed ln\u011bn\u00fdch v\u00fdrobk\u016f &#8226; Lanaja-slovensk\u00e1 udr\u017eiteln\u00e1 zna\u010dka a v\u00fdrobce ln\u011bn\u00e9ho textilu","isPartOf":{"@id":"https:\/\/lanaja.sk\/cs\/#website"},"primaryImageOfPage":{"@id":"https:\/\/lanaja.sk\/cs\/suseni-lnenych-vyrobku\/#primaryimage"},"image":{"@id":"https:\/\/lanaja.sk\/cs\/suseni-lnenych-vyrobku\/#primaryimage"},"thumbnailUrl":"https:\/\/lanaja.sk\/wp-content\/uploads\/2023\/06\/IMG_4042-jpeg.webp","datePublished":"2023-06-22T15:37:11+00:00","dateModified":"2024-05-15T09:59:06+00:00","description":"Su\u0161en\u00ed ln\u011bn\u00fdch produkt\u016f venku na vzduchu a na slunci p\u0159in\u00e1\u0161\u00ed mnoho pozitivn\u00edch v\u00fdhod. Zde je n\u011bkolik d\u016fvod\u016f...","breadcrumb":{"@id":"https:\/\/lanaja.sk\/cs\/suseni-lnenych-vyrobku\/#breadcrumb"},"inLanguage":"cs","potentialAction":[{"@type":"ReadAction","target":["https:\/\/lanaja.sk\/cs\/suseni-lnenych-vyrobku\/"]}]},{"@type":"ImageObject","inLanguage":"cs","@id":"https:\/\/lanaja.sk\/cs\/suseni-lnenych-vyrobku\/#primaryimage","url":"https:\/\/lanaja.sk\/wp-content\/uploads\/2023\/06\/IMG_4042-jpeg.webp","contentUrl":"https:\/\/lanaja.sk\/wp-content\/uploads\/2023\/06\/IMG_4042-jpeg.webp","width":1578,"height":1909,"caption":"starostlivos\u0165 o \u013ean, ako su\u0161i\u0165 \u013ean, ako pra\u0165 \u013ean"},{"@type":"BreadcrumbList","@id":"https:\/\/lanaja.sk\/cs\/suseni-lnenych-vyrobku\/#breadcrumb","itemListElement":[{"@type":"ListItem","position":1,"name":"Home","item":"https:\/\/lanaja.sk\/cs\/"},{"@type":"ListItem","position":2,"name":"Su\u0161en\u00ed ln\u011bn\u00fdch v\u00fdrobk\u016f"}]},{"@type":"WebSite","@id":"https:\/\/lanaja.sk\/cs\/#website","url":"https:\/\/lanaja.sk\/cs\/","name":"Lanaja - bytov\u00fd textil z \u013eanu a \u013eanov\u00e9 v\u00fdrobky","description":"Jedine\u010dn\u00fd bytov\u00fd textil, ln\u011bn\u00e9 pytl\u00edky, ln\u011bn\u00e9 ubrusy, ln\u011bn\u00e9 lo\u017en\u00ed povle\u010den\u00ed, ln\u011bn\u00e9 ut\u011brky, ln\u011bn\u00e9 prost\u00edr\u00e1n\u00ed vyroben\u00e9 a \u0161it\u00e9 na Slovensku","publisher":{"@id":"https:\/\/lanaja.sk\/cs\/#organization"},"alternateName":"Lanaja - v\u00fdrobky z \u013eanu, \u013eanov\u00fd bytov\u00fd textil","potentialAction":[{"@type":"SearchAction","target":{"@type":"EntryPoint","urlTemplate":"https:\/\/lanaja.sk\/cs\/?s={search_term_string}"},"query-input":{"@type":"PropertyValueSpecification","valueRequired":true,"valueName":"search_term_string"}}],"inLanguage":"cs"},{"@type":"Organization","@id":"https:\/\/lanaja.sk\/cs\/#organization","name":"Lanaja","alternateName":"Al\u017ebeta Andr\u00e1\u0161ikov\u00e1 - Lanaja","url":"https:\/\/lanaja.sk\/cs\/","logo":{"@type":"ImageObject","inLanguage":"cs","@id":"https:\/\/lanaja.sk\/cs\/#\/schema\/logo\/image\/","url":"https:\/\/lanaja.sk\/wp-content\/uploads\/2024\/01\/Lanaja.sk-logo.png","contentUrl":"https:\/\/lanaja.sk\/wp-content\/uploads\/2024\/01\/Lanaja.sk-logo.png","width":600,"height":300,"caption":"Lanaja"},"image":{"@id":"https:\/\/lanaja.sk\/cs\/#\/schema\/logo\/image\/"},"sameAs":["https:\/\/www.facebook.com\/Abreadbag","https:\/\/www.instagram.com\/lanaja_sk\/"]},{"@type":"Person","@id":"https:\/\/lanaja.sk\/cs\/#\/schema\/person\/03b484e8a920977800eb66d001ff7437","name":"Al\u017ebeta Andr\u00e1\u0161ikov\u00e1","image":{"@type":"ImageObject","inLanguage":"cs","@id":"https:\/\/secure.gravatar.com\/avatar\/82259c03c46dc4c5e2c3213c2a75239b3f9f30a170c7e18e1b4ea244fd601f8c?s=96&d=mm&r=g","url":"https:\/\/secure.gravatar.com\/avatar\/82259c03c46dc4c5e2c3213c2a75239b3f9f30a170c7e18e1b4ea244fd601f8c?s=96&d=mm&r=g","contentUrl":"https:\/\/secure.gravatar.com\/avatar\/82259c03c46dc4c5e2c3213c2a75239b3f9f30a170c7e18e1b4ea244fd601f8c?s=96&d=mm&r=g","caption":"Al\u017ebeta Andr\u00e1\u0161ikov\u00e1"}}]}},"_links":{"self":[{"href":"https:\/\/lanaja.sk\/cs\/wp-json\/wp\/v2\/posts\/12943","targetHints":{"allow":["GET"]}}],"collection":[{"href":"https:\/\/lanaja.sk\/cs\/wp-json\/wp\/v2\/posts"}],"about":[{"href":"https:\/\/lanaja.sk\/cs\/wp-json\/wp\/v2\/types\/post"}],"author":[{"embeddable":true,"href":"https:\/\/lanaja.sk\/cs\/wp-json\/wp\/v2\/users\/2"}],"replies":[{"embeddable":true,"href":"https:\/\/lanaja.sk\/cs\/wp-json\/wp\/v2\/comments?post=12943"}],"version-history":[{"count":1,"href":"https:\/\/lanaja.sk\/cs\/wp-json\/wp\/v2\/posts\/12943\/revisions"}],"predecessor-version":[{"id":12966,"href":"https:\/\/lanaja.sk\/cs\/wp-json\/wp\/v2\/posts\/12943\/revisions\/12966"}],"wp:featuredmedia":[{"embeddable":true,"href":"https:\/\/lanaja.sk\/cs\/wp-json\/wp\/v2\/media\/8847"}],"wp:attachment":[{"href":"https:\/\/lanaja.sk\/cs\/wp-json\/wp\/v2\/media?parent=12943"}],"wp:term":[{"taxonomy":"category","embeddable":true,"href":"https:\/\/lanaja.sk\/cs\/wp-json\/wp\/v2\/categories?post=12943"},{"taxonomy":"post_tag","embeddable":true,"href":"https:\/\/lanaja.sk\/cs\/wp-json\/wp\/v2\/tags?post=12943"}],"curies":[{"name":"wp","href":"https:\/\/api.w.org\/{rel}","templated":true}]}}