{"id":12978,"date":"2024-02-22T09:09:53","date_gmt":"2024-02-22T08:09:53","guid":{"rendered":"https:\/\/lanaja.sk\/odolnost-setrnost-k-zivotnimu-prostredi-a-nadcasovy-styl\/"},"modified":"2024-06-02T15:01:07","modified_gmt":"2024-06-02T13:01:07","slug":"odolnost-setrnost-k-zivotnimu-prostredi-a-nadcasovy-styl","status":"publish","type":"post","link":"https:\/\/lanaja.sk\/cs\/odolnost-setrnost-k-zivotnimu-prostredi-a-nadcasovy-styl\/","title":{"rendered":"Odolnost, \u0161etrnost k \u017eivotn\u00edmu prost\u0159ed\u00ed a nad\u010dasov\u00fd styl"},"content":{"rendered":"\t\t<div data-elementor-type=\"wp-post\" data-elementor-id=\"12978\" class=\"elementor elementor-12978 elementor-11007\" data-elementor-post-type=\"post\">\n\t\t\t\t<div class=\"elementor-element elementor-element-06fc254 e-grid e-con-full e-con e-parent\" data-id=\"06fc254\" data-element_type=\"container\" data-e-type=\"container\">\n\t\t\t\t<div class=\"elementor-element elementor-element-9f95f2b elementor-widget elementor-widget-video\" data-id=\"9f95f2b\" data-element_type=\"widget\" data-e-type=\"widget\" data-settings=\"{&quot;video_type&quot;:&quot;hosted&quot;,&quot;autoplay&quot;:&quot;yes&quot;,&quot;mute&quot;:&quot;yes&quot;,&quot;loop&quot;:&quot;yes&quot;}\" data-widget_type=\"video.default\">\n\t\t\t\t<div class=\"elementor-widget-container\">\n\t\t\t\t\t\t\t<div class=\"e-hosted-video elementor-wrapper elementor-open-inline\">\n\t\t\t\t\t<video class=\"elementor-video\" src=\"https:\/\/lanaja.sk\/wp-content\/uploads\/2024\/02\/626e98fdebcd42db973e3d31791e2a68.mp4\" autoplay=\"\" loop=\"\" muted=\"muted\" controlsList=\"nodownload\"><\/video>\n\t\t\t\t<\/div>\n\t\t\t\t\t\t<\/div>\n\t\t\t\t<\/div>\n\t\t\t\t<div class=\"elementor-element elementor-element-333082c elementor-widget elementor-widget-heading\" data-id=\"333082c\" data-element_type=\"widget\" data-e-type=\"widget\" data-widget_type=\"heading.default\">\n\t\t\t\t<div class=\"elementor-widget-container\">\n\t\t\t\t\t<h2 class=\"elementor-heading-title elementor-size-default\">Udr\u017eiteln\u00fd \u017eivot nebo slow living<\/h2>\t\t\t\t<\/div>\n\t\t\t\t<\/div>\n\t\t\t\t<\/div>\n\t\t<div class=\"elementor-element elementor-element-a135cc4 e-flex e-con-boxed e-con e-parent\" data-id=\"a135cc4\" data-element_type=\"container\" data-e-type=\"container\">\n\t\t\t\t\t<div class=\"e-con-inner\">\n\t\t\t\t<div class=\"elementor-element elementor-element-6bc7e4e elementor-widget-divider--view-line elementor-widget elementor-widget-divider\" data-id=\"6bc7e4e\" data-element_type=\"widget\" data-e-type=\"widget\" data-widget_type=\"divider.default\">\n\t\t\t\t<div class=\"elementor-widget-container\">\n\t\t\t\t\t\t\t<div class=\"elementor-divider\">\n\t\t\t<span class=\"elementor-divider-separator\">\n\t\t\t\t\t\t<\/span>\n\t\t<\/div>\n\t\t\t\t\t\t<\/div>\n\t\t\t\t<\/div>\n\t\t\t\t\t<\/div>\n\t\t\t\t<\/div>\n\t\t<div class=\"elementor-element elementor-element-d638cde e-flex e-con-boxed e-con e-parent\" data-id=\"d638cde\" data-element_type=\"container\" data-e-type=\"container\">\n\t\t\t\t\t<div class=\"e-con-inner\">\n\t\t\t\t<div class=\"elementor-element elementor-element-37c96c7 elementor-widget elementor-widget-text-editor\" data-id=\"37c96c7\" data-element_type=\"widget\" data-e-type=\"widget\" data-widget_type=\"text-editor.default\">\n\t\t\t\t<div class=\"elementor-widget-container\">\n\t\t\t\t\t\t\t\t\t<p>Len je jedn\u00edm z nejstar\u0161\u00edch p\u0159\u00edrodn\u00edch materi\u00e1l\u016f pou\u017e\u00edvan\u00fdch v textiln\u00edm pr\u016fmyslu. Na\u0161e d\u00edlna se specializuje na v\u00fdrobu ln\u011bn\u00fdch v\u00fdrobk\u016f, a proto V\u00e1m m\u016f\u017eeme zaru\u010dit p\u0159irozenou eleganci a vysokou kvalitu. D\u00edky unik\u00e1tn\u00ed filtraci, schopnosti odol\u00e1vat bakteri\u00edm, vzdu\u0161nosti, absorpci a odpa\u0159ov\u00e1n\u00ed vlhkosti jsou ln\u011bn\u00e9 v\u00fdrobky zn\u00e1m\u00e9 jako antialergick\u00e9, doporu\u010duj\u00ed se pro osoby s ko\u017en\u00edmi chorobami, alergiemi a vhodn\u00e9 i pro mal\u00e9 d\u011bti. Maj\u00ed vysokou schopnost potla\u010dovat bakterie, rozto\u010de a pl\u00edsn\u011b, jsou vysoce repelentn\u00ed proti hmyzu. 100% len je antistatick\u00fd, nep\u0159itahuje prach a d\u00edky p\u0159irozen\u00e9 rovnov\u00e1ze pH v\u00e1m m\u016f\u017ee dokonce pomoci zjemnit a ochr\u00e1nit poko\u017eku.<\/p>\n<p>Pokud chcete ve sv\u00e9m dom\u011b vytvo\u0159it udr\u017eiteln\u011bj\u0161\u00ed a ekologi\u010dt\u011bj\u0161\u00ed prost\u0159ed\u00ed, ekologick\u00e1 kombinace 100% lnu je rozhodn\u011b materi\u00e1lem, do kter\u00e9ho se vyplat\u00ed investovat. Je \u0161etrn\u00fd k \u017eivotn\u00edmu prost\u0159ed\u00ed, st\u00e1rne s gr\u00e1ci\u00ed a kr\u00e1sou. S ka\u017ed\u00fdm pran\u00edm se st\u00e1v\u00e1 m\u011bk\u010d\u00edm a p\u0159\u00edjemn\u011bj\u0161\u00edm na dotek. Je to investice, kter\u00e1 v\u00e1m p\u0159in\u00e1\u0161\u00ed nejen pohodl\u00ed, ale i odolnost.<\/p>\n<p>Mal\u00e9 okam\u017eiky pozornosti a mali\u010dkosti jsou \u010dasto ty nejcenn\u011bj\u0161\u00ed. S na\u0161imi ln\u011bn\u00fdmi v\u00fdrobky m\u016f\u017eete tuto jednoduchost a pohodu vn\u00e9st do rodinn\u00e9ho \u017eivota. Dovolte n\u00e1m, abychom v\u00e1s doprov\u00e1zeli na va\u0161\u00ed cest\u011b. Lanaja je tu pro ka\u017ed\u00e9ho.<\/p>\n\t\t\t\t\t\t\t\t<\/div>\n\t\t\t\t<\/div>\n\t\t\t\t\t<\/div>\n\t\t\t\t<\/div>\n\t\t<div class=\"elementor-element elementor-element-7c7bdeb e-flex e-con-boxed e-con e-parent\" data-id=\"7c7bdeb\" data-element_type=\"container\" data-e-type=\"container\">\n\t\t\t\t\t<div class=\"e-con-inner\">\n\t\t\t\t<div class=\"elementor-element elementor-element-5fc113c elementor-widget-divider--view-line elementor-widget elementor-widget-divider\" data-id=\"5fc113c\" data-element_type=\"widget\" data-e-type=\"widget\" data-widget_type=\"divider.default\">\n\t\t\t\t<div class=\"elementor-widget-container\">\n\t\t\t\t\t\t\t<div class=\"elementor-divider\">\n\t\t\t<span class=\"elementor-divider-separator\">\n\t\t\t\t\t\t<\/span>\n\t\t<\/div>\n\t\t\t\t\t\t<\/div>\n\t\t\t\t<\/div>\n\t\t\t\t\t<\/div>\n\t\t\t\t<\/div>\n\t\t<div class=\"elementor-element elementor-element-a4fc1df e-flex e-con-boxed e-con e-parent\" data-id=\"a4fc1df\" data-element_type=\"container\" data-e-type=\"container\">\n\t\t\t\t\t<div class=\"e-con-inner\">\n\t\t\t\t<div class=\"elementor-element elementor-element-08b2755 elementor-widget elementor-widget-heading\" data-id=\"08b2755\" data-element_type=\"widget\" data-e-type=\"widget\" data-widget_type=\"heading.default\">\n\t\t\t\t<div class=\"elementor-widget-container\">\n\t\t\t\t\t<h2 class=\"elementor-heading-title elementor-size-default\">Odolnost, \u0161etrnost k \u017eivotn\u00edmu prost\u0159ed\u00ed a nad\u010dasov\u00fd styl<\/h2>\t\t\t\t<\/div>\n\t\t\t\t<\/div>\n\t\t\t\t\t<\/div>\n\t\t\t\t<\/div>\n\t\t<div class=\"elementor-element elementor-element-3de99c8 e-flex e-con-boxed e-con e-parent\" data-id=\"3de99c8\" data-element_type=\"container\" data-e-type=\"container\">\n\t\t\t\t\t<div class=\"e-con-inner\">\n\t\t\t\t<div class=\"elementor-element elementor-element-468c8f1 elementor-widget elementor-widget-text-editor\" data-id=\"468c8f1\" data-element_type=\"widget\" data-e-type=\"widget\" data-widget_type=\"text-editor.default\">\n\t\t\t\t<div class=\"elementor-widget-container\">\n\t\t\t\t\t\t\t\t\t<p>\u0160ijeme a tvo\u0159\u00edme pro v\u00e1s s l\u00e1skou, s p\u0159esv\u011bd\u010den\u00edm, \u017ee si zaslou\u017e\u00edte pohodu, odpo\u010dinek a kvalitn\u00ed sp\u00e1nek. Pro n\u00e1s, jako malou rodinnou zna\u010dku, jste v\u00edc ne\u017e jen z\u00e1kazn\u00edk. Jste sou\u010d\u00e1st\u00ed na\u0161eho p\u0159\u00edb\u011bhu. Va\u0161e spokojenost a p\u0159\u00ednos z na\u0161ich produkt\u016f n\u00e1m d\u00e1v\u00e1 smysl a posouv\u00e1 n\u00e1s kup\u0159edu. Zam\u011b\u0159ujeme se na slow fashion a slow living. Pro n\u00e1s to nen\u00ed jen trend, ale \u017eivotn\u00ed styl. Na\u0161e ln\u011bn\u00e9 v\u00fdrobky v\u00e1m pomohou vytvo\u0159it tento prostor, poc\u00edtit dotek p\u0159\u00edrody a spojit se s jej\u00ed jednoduchost\u00ed. Pomal\u00fd \u017eivot n\u00e1m d\u00e1v\u00e1 prostor opustit &#8222;z\u00e1vod o \u017eivot&#8220;, ve kter\u00e9m neust\u00e1le sp\u011bch\u00e1me za c\u00edli a o\u010dek\u00e1v\u00e1n\u00edmi. M\u00edsto toho n\u00e1s povzbuzuje, abychom se v\u011bnovali p\u0159\u00edtomn\u00e9mu okam\u017eiku, okam\u017eiku a zam\u011b\u0159ili se na to, co je pro n\u00e1s opravdu d\u016fle\u017eit\u00e9.<\/p>\n<p>Pomal\u00fd \u017eivot je o regeneraci a obnov\u011b na\u0161ich sil, obdivov\u00e1n\u00ed kr\u00e1sy kolem n\u00e1s a smyslupln\u00fdch vztaz\u00edch, kter\u00e9 tento celek dopl\u0148uj\u00ed. Kdy\u017e si dovol\u00edme zpomalit, objev\u00edme bohatstv\u00ed jednoduchosti. U\u010d\u00edme se v\u00e1\u017eit si mali\u010dkost\u00ed, naslouchat vlastn\u00edm my\u0161lenk\u00e1m a objevovat vlastn\u00ed kreativitu. Sna\u017e\u00edme se minimalizovat na\u0161i ekologickou stopu a vytv\u00e1\u0159et produkty, kter\u00e9 v\u00e1s budou doprov\u00e1zet po mnoho klidn\u00fdch, dlouh\u00fdch dn\u016f a noc\u00ed. Lanaja je odrazem pomal\u00e9ho \u017eivota.<\/p>\n<p>V\u011b\u0159\u00edme, \u017ee kvalita je d\u016fle\u017eit\u011bj\u0161\u00ed ne\u017e kvantita. Na\u0161e v\u00fdrobky nejsou jen b\u011b\u017en\u00fdmi v\u00fdrobky pro dom\u00e1cnost. V\u0161echny jsou \u0161it\u00e9 v na\u0161\u00ed d\u00edln\u011b, s l\u00e1skou a p\u00e9\u010d\u00ed a nesou ve sv\u00fdch ln\u011bn\u00fdch vl\u00e1knech esenci slowfashion a slowliving. Jsou to kousky, kter\u00e9 do va\u0161eho domova vnesou nejen z\u00e1van p\u0159\u00edrody, ale i kousek na\u0161eho srdce.<\/p>\n\t\t\t\t\t\t\t\t<\/div>\n\t\t\t\t<\/div>\n\t\t\t\t\t<\/div>\n\t\t\t\t<\/div>\n\t\t<div class=\"elementor-element elementor-element-bb38234 e-flex e-con-boxed e-con e-parent\" data-id=\"bb38234\" data-element_type=\"container\" data-e-type=\"container\">\n\t\t\t\t\t<div class=\"e-con-inner\">\n\t\t\t\t<div class=\"elementor-element elementor-element-894e4cf elementor-widget elementor-widget-image\" data-id=\"894e4cf\" data-element_type=\"widget\" data-e-type=\"widget\" data-widget_type=\"image.default\">\n\t\t\t\t<div class=\"elementor-widget-container\">\n\t\t\t\t\t\t\t\t\t\t\t\t\t\t\t\t<a href=\"https:\/\/lanaja.sk\/obchod\/kupelna\/lanove-zupany\/lanovy-vaflovy-zupan-2\/\">\n\t\t\t\t\t\t\t<img fetchpriority=\"high\" decoding=\"async\" width=\"2560\" height=\"1707\" src=\"https:\/\/lanaja.sk\/wp-content\/uploads\/2023\/11\/Abreadbag-zupany-20-scaled.webp\" class=\"attachment-full size-full wp-image-10381\" alt=\"Ln\u011bn\u00fd \u017eupan s vafl\u00ed v p\u0159\u00edrodn\u00ed barv\u011b\" srcset=\"https:\/\/lanaja.sk\/wp-content\/uploads\/2023\/11\/Abreadbag-zupany-20-scaled.webp 2560w, https:\/\/lanaja.sk\/wp-content\/uploads\/2023\/11\/Abreadbag-zupany-20-300x200.webp 300w, https:\/\/lanaja.sk\/wp-content\/uploads\/2023\/11\/Abreadbag-zupany-20-1024x683.webp 1024w, https:\/\/lanaja.sk\/wp-content\/uploads\/2023\/11\/Abreadbag-zupany-20-768x512.webp 768w, https:\/\/lanaja.sk\/wp-content\/uploads\/2023\/11\/Abreadbag-zupany-20-1536x1024.webp 1536w, https:\/\/lanaja.sk\/wp-content\/uploads\/2023\/11\/Abreadbag-zupany-20-2048x1365.webp 2048w, https:\/\/lanaja.sk\/wp-content\/uploads\/2023\/11\/Abreadbag-zupany-20-800x533.webp 800w\" sizes=\"(max-width: 2560px) 100vw, 2560px\" \/>\t\t\t\t\t\t\t\t<\/a>\n\t\t\t\t\t\t\t\t\t\t\t\t\t\t\t<\/div>\n\t\t\t\t<\/div>\n\t\t\t\t\t<\/div>\n\t\t\t\t<\/div>\n\t\t<div class=\"elementor-element elementor-element-6879a85 e-flex e-con-boxed e-con e-parent\" data-id=\"6879a85\" data-element_type=\"container\" data-e-type=\"container\">\n\t\t\t\t\t<div class=\"e-con-inner\">\n\t\t\t\t<div class=\"elementor-element elementor-element-2ea67f0 elementor-widget-divider--view-line elementor-widget elementor-widget-divider\" data-id=\"2ea67f0\" data-element_type=\"widget\" data-e-type=\"widget\" data-widget_type=\"divider.default\">\n\t\t\t\t<div class=\"elementor-widget-container\">\n\t\t\t\t\t\t\t<div class=\"elementor-divider\">\n\t\t\t<span class=\"elementor-divider-separator\">\n\t\t\t\t\t\t<\/span>\n\t\t<\/div>\n\t\t\t\t\t\t<\/div>\n\t\t\t\t<\/div>\n\t\t\t\t\t<\/div>\n\t\t\t\t<\/div>\n\t\t<div class=\"elementor-element elementor-element-5fbb769 e-flex e-con-boxed e-con e-parent\" data-id=\"5fbb769\" data-element_type=\"container\" data-e-type=\"container\">\n\t\t\t\t\t<div class=\"e-con-inner\">\n\t\t\t\t<div class=\"elementor-element elementor-element-7ae22e8 elementor-widget elementor-widget-heading\" data-id=\"7ae22e8\" data-element_type=\"widget\" data-e-type=\"widget\" data-widget_type=\"heading.default\">\n\t\t\t\t<div class=\"elementor-widget-container\">\n\t\t\t\t\t<h2 class=\"elementor-heading-title elementor-size-default\">Harmonick\u00e9 prost\u0159ed\u00ed s p\u0159\u00edrodn\u00edmi materi\u00e1ly<\/h2>\t\t\t\t<\/div>\n\t\t\t\t<\/div>\n\t\t\t\t\t<\/div>\n\t\t\t\t<\/div>\n\t\t<div class=\"elementor-element elementor-element-97e1c60 e-flex e-con-boxed e-con e-parent\" data-id=\"97e1c60\" data-element_type=\"container\" data-e-type=\"container\">\n\t\t\t\t\t<div class=\"e-con-inner\">\n\t\t\t\t<div class=\"elementor-element elementor-element-7d28de6 elementor-widget elementor-widget-text-editor\" data-id=\"7d28de6\" data-element_type=\"widget\" data-e-type=\"widget\" data-widget_type=\"text-editor.default\">\n\t\t\t\t<div class=\"elementor-widget-container\">\n\t\t\t\t\t\t\t\t\t<p>Zam\u011b\u0159ujeme se na slow fashion a slow living. Pro n\u00e1s to nen\u00ed jen trend, ale \u017eivotn\u00ed styl. Na\u0161e ln\u011bn\u00e9 v\u00fdrobky v\u00e1m pomohou vytvo\u0159it tento prostor, poc\u00edtit dotek p\u0159\u00edrody a spojit se s jeho jednoduchost\u00ed. V\u00fdrobky udr\u017eiteln\u00e9 m\u00f3dy a udr\u017eiteln\u00e9ho bydlen\u00ed &#8211; slow living jsou navrhov\u00e1ny a \u0161it\u00e9 s d\u016frazem na kvalitu, trvanlivost. I kdy\u017e se na prvn\u00ed pohled mohou zd\u00e1t dra\u017e\u0161\u00ed, jejich dlouhodob\u00e1 investice se \u010dasem vyplat\u00ed. Kvalitn\u00ed kusy vydr\u017e\u00ed d\u00e9le a nemus\u00ed se tak \u010dasto vym\u011b\u0148ovat za nov\u00e9, co\u017e \u0161et\u0159\u00ed nejen pen\u00edze, ale i prost\u0159edky na v\u00fdrobu nov\u00fdch produkt\u016f.<\/p>\n<p>Udr\u017eiteln\u00e1 m\u00f3da \u010dasto t\u00edhne k jedine\u010dn\u00fdm a origin\u00e1ln\u00edm design\u016fm, kter\u00e9 podl\u00e9haj\u00ed mnohem men\u0161\u00edm kr\u00e1tkodob\u00fdm m\u00f3dn\u00edm trend\u016fm. To v\u00e1m d\u00e1v\u00e1 p\u0159\u00edle\u017eitost vyj\u00e1d\u0159it svou individualitu a osobn\u00ed styl a podpo\u0159it m\u00edstn\u00ed zna\u010dky, kter\u00e9 se zam\u011b\u0159uj\u00ed na vytv\u00e1\u0159en\u00ed jedine\u010dn\u00fdch kousk\u016f. V\u011b\u0159te, \u017ee se v\u00e1m odvd\u011b\u010d\u00ed a zn\u00e1sob\u00ed va\u0161i l\u00e1sku, v\u00e1\u0161e\u0148 a vd\u011b\u010dnost prost\u0159ednictv\u00edm sv\u00fdch produkt\u016f a p\u0159enesou tuto energii do va\u0161eho domova. Poc\u00edt\u00edte to na prvn\u00ed dotek, nesm\u00edrn\u011b to oce\u0148uj\u00ed.<\/p>\n<p>P\u0159i za\u0159izov\u00e1n\u00ed na\u0161eho domova podle filozofie pomal\u00e9ho bydlen\u00ed se \u010dasto uchylujeme k p\u0159\u00edrodn\u00edm materi\u00e1l\u016fm, jednoduch\u00e9mu, ale elegantn\u00edmu designu. Tyto prvky n\u00e1m pom\u00e1haj\u00ed vytv\u00e1\u0159et \u00fatuln\u00e9 a harmonick\u00e9 prost\u0159ed\u00ed, kde se m\u016f\u017eeme c\u00edtit klidn\u011b a pohodln\u011b. Nejde jen o samotnou estetiku, ale tak\u00e9 o hodnoty, kter\u00e9 n\u00e1s posouvaj\u00ed k odpov\u011bdn\u011bj\u0161\u00edmu a vyv\u00e1\u017een\u011bj\u0161\u00edmu zp\u016fsobu \u017eivota. Sv\u011bt, kter\u00fd up\u0159ednost\u0148uje kvalitu p\u0159ed kvantitou a kter\u00fd si je v\u011bdom sv\u00e9ho dopadu na \u017eivotn\u00ed prost\u0159ed\u00ed. A\u0165 u\u017e v\u00e1s zaj\u00edm\u00e1 udr\u017eiteln\u00e9 bydlen\u00ed, pomal\u00fd \u017eivotn\u00ed styl, nebo jen chcete nad\u010dasov\u00fd design, odoln\u00e9 a kvalitn\u00ed materi\u00e1ly, nechte se inspirovat filozofi\u00ed pomal\u00e9ho \u017eivota a vstupte do sv\u011bta, kde m\u00e9n\u011b je v\u00edce a kr\u00e1sa se nach\u00e1z\u00ed v jednoduchosti.<\/p>\n\t\t\t\t\t\t\t\t<\/div>\n\t\t\t\t<\/div>\n\t\t\t\t\t<\/div>\n\t\t\t\t<\/div>\n\t\t<div class=\"elementor-element elementor-element-e5d1954 e-grid e-con-boxed e-con e-parent\" data-id=\"e5d1954\" data-element_type=\"container\" data-e-type=\"container\">\n\t\t\t\t\t<div class=\"e-con-inner\">\n\t\t\t\t<div class=\"elementor-element elementor-element-cd14e7f elementor-widget elementor-widget-image\" data-id=\"cd14e7f\" data-element_type=\"widget\" data-e-type=\"widget\" data-widget_type=\"image.default\">\n\t\t\t\t<div class=\"elementor-widget-container\">\n\t\t\t\t\t\t\t\t\t\t\t\t\t\t\t\t<a href=\"https:\/\/lanaja.sk\/obchod\/kuchyna\/lanove-obrusy-a-prestierania\/lanovy-obrus-7\/\">\n\t\t\t\t\t\t\t<img decoding=\"async\" width=\"684\" height=\"1024\" src=\"https:\/\/lanaja.sk\/wp-content\/uploads\/2024\/02\/DSC04262-684x1024.webp\" class=\"attachment-large size-large wp-image-10492\" alt=\"\u013eanov\u00fd obrus na kuchynsk\u00fd st\u00f4l\" srcset=\"https:\/\/lanaja.sk\/wp-content\/uploads\/2024\/02\/DSC04262-684x1024.webp 684w, https:\/\/lanaja.sk\/wp-content\/uploads\/2024\/02\/DSC04262-200x300.webp 200w, https:\/\/lanaja.sk\/wp-content\/uploads\/2024\/02\/DSC04262-768x1149.webp 768w, https:\/\/lanaja.sk\/wp-content\/uploads\/2024\/02\/DSC04262-1027x1536.webp 1027w, https:\/\/lanaja.sk\/wp-content\/uploads\/2024\/02\/DSC04262-800x1197.webp 800w, https:\/\/lanaja.sk\/wp-content\/uploads\/2024\/02\/DSC04262.jpg 1080w\" sizes=\"(max-width: 684px) 100vw, 684px\" \/>\t\t\t\t\t\t\t\t<\/a>\n\t\t\t\t\t\t\t\t\t\t\t\t\t\t\t<\/div>\n\t\t\t\t<\/div>\n\t\t\t\t<div class=\"elementor-element elementor-element-a841c74 elementor-widget elementor-widget-image\" data-id=\"a841c74\" data-element_type=\"widget\" data-e-type=\"widget\" data-widget_type=\"image.default\">\n\t\t\t\t<div class=\"elementor-widget-container\">\n\t\t\t\t\t\t\t\t\t\t\t\t\t\t\t\t<a href=\"https:\/\/lanaja.sk\/obchod\/spalna\/lanove-obliecky\/lanove-obliecky-daniela\/\">\n\t\t\t\t\t\t\t<img decoding=\"async\" width=\"683\" height=\"1024\" src=\"https:\/\/lanaja.sk\/wp-content\/uploads\/2023\/06\/DSC04309-683x1024.webp\" class=\"attachment-large size-large wp-image-8790\" alt=\"Pr\u00edrodn\u00e1 farba \u013eanu na oblie\u010dkach\" srcset=\"https:\/\/lanaja.sk\/wp-content\/uploads\/2023\/06\/DSC04309-683x1024.webp 683w, https:\/\/lanaja.sk\/wp-content\/uploads\/2023\/06\/DSC04309-jpg-800x1200.webp 800w, https:\/\/lanaja.sk\/wp-content\/uploads\/2023\/06\/DSC04309-200x300.webp 200w, https:\/\/lanaja.sk\/wp-content\/uploads\/2023\/06\/DSC04309-768x1152.webp 768w, https:\/\/lanaja.sk\/wp-content\/uploads\/2023\/06\/DSC04309-1024x1536.webp 1024w, https:\/\/lanaja.sk\/wp-content\/uploads\/2023\/06\/DSC04309-jpg.webp 1365w\" sizes=\"(max-width: 683px) 100vw, 683px\" \/>\t\t\t\t\t\t\t\t<\/a>\n\t\t\t\t\t\t\t\t\t\t\t\t\t\t\t<\/div>\n\t\t\t\t<\/div>\n\t\t\t\t\t<\/div>\n\t\t\t\t<\/div>\n\t\t<div class=\"elementor-element elementor-element-6271227 e-flex e-con-boxed e-con e-parent\" data-id=\"6271227\" data-element_type=\"container\" data-e-type=\"container\">\n\t\t\t\t\t<div class=\"e-con-inner\">\n\t\t\t\t<div class=\"elementor-element elementor-element-3a4e42b elementor-widget elementor-widget-text-editor\" data-id=\"3a4e42b\" data-element_type=\"widget\" data-e-type=\"widget\" data-widget_type=\"text-editor.default\">\n\t\t\t\t<div class=\"elementor-widget-container\">\n\t\t\t\t\t\t\t\t\t<p><strong>FOTO: <a href=\"https:\/\/www.instagram.com\/majkajurc\/\" target=\"_blank\" rel=\"noopener\">MAJKA JUR\u010cOV\u00c1 <\/a> a <\/strong><a href=\"https:\/\/www.instagram.com\/vladkaturcok\/\" target=\"_blank\" rel=\"noopener\"> Vla\u010fka Turchok<\/a><\/p>\n\t\t\t\t\t\t\t\t<\/div>\n\t\t\t\t<\/div>\n\t\t\t\t\t<\/div>\n\t\t\t\t<\/div>\n\t\t\t\t<\/div>\n\t\t","protected":false},"excerpt":{"rendered":"<p>https:\/\/lanaja.sk\/wp-content\/uploads\/2024\/02\/626e98fdebcd42db973e3d31791e2a68.mp4 Udr\u017eiteln\u00fd \u017eivot nebo slow living Len je jedn\u00edm z nejstar\u0161\u00edch p\u0159\u00edrodn\u00edch materi\u00e1l\u016f pou\u017e\u00edvan\u00fdch v textiln\u00edm pr\u016fmyslu. Na\u0161e d\u00edlna se specializuje na v\u00fdrobu ln\u011bn\u00fdch v\u00fdrobk\u016f, a proto V\u00e1m m\u016f\u017eeme zaru\u010dit p\u0159irozenou eleganci a vysokou kvalitu. D\u00edky unik\u00e1tn\u00ed filtraci, schopnosti odol\u00e1vat bakteri\u00edm, vzdu\u0161nosti, absorpci a odpa\u0159ov\u00e1n\u00ed vlhkosti jsou ln\u011bn\u00e9 v\u00fdrobky zn\u00e1m\u00e9 jako antialergick\u00e9, doporu\u010duj\u00ed se pro [&hellip;]<\/p>\n","protected":false},"author":2,"featured_media":10994,"comment_status":"closed","ping_status":"closed","sticky":false,"template":"","format":"standard","meta":{"footnotes":""},"categories":[310],"tags":[166,170,167],"class_list":["post-12978","post","type-post","status-publish","format-standard","has-post-thumbnail","hentry","category-udrzitelny-zivot","tag-lnene-vyrobky","tag-slovenska-znacka-cs","tag-slovenske-vyrobky-cs"],"yoast_head":"<!-- This site is optimized with the Yoast SEO plugin v27.4 - https:\/\/yoast.com\/product\/yoast-seo-wordpress\/ -->\n<title>Odolnost, \u0161etrnost k \u017eivotn\u00edmu prost\u0159ed\u00ed a nad\u010dasov\u00fd styl &#8226; Lanaja-slovensk\u00e1 udr\u017eiteln\u00e1 zna\u010dka a v\u00fdrobce ln\u011bn\u00e9ho textilu<\/title>\n<meta name=\"description\" content=\"Jedine\u010dn\u00fd bytov\u00fd textil u\u0161it\u00fd na Slovensku, kde jde ruku v ruce odolnost, \u0161etrnost k \u017eivotn\u00edmu prost\u0159ed\u00ed a nad\u010dasov\u00fd styl. Jsme mal\u00e1 rodinn\u00e1 zna\u010dka Lanaja\" \/>\n<meta name=\"robots\" content=\"index, follow, max-snippet:-1, max-image-preview:large, max-video-preview:-1\" \/>\n<link rel=\"canonical\" href=\"https:\/\/lanaja.sk\/cs\/odolnost-setrnost-k-zivotnimu-prostredi-a-nadcasovy-styl\/\" \/>\n<meta property=\"og:locale\" content=\"cs_CZ\" \/>\n<meta property=\"og:type\" content=\"article\" \/>\n<meta property=\"og:title\" content=\"Odolnost, \u0161etrnost k \u017eivotn\u00edmu prost\u0159ed\u00ed a nad\u010dasov\u00fd styl &#8226; Lanaja-slovensk\u00e1 udr\u017eiteln\u00e1 zna\u010dka a v\u00fdrobce ln\u011bn\u00e9ho textilu\" \/>\n<meta property=\"og:description\" content=\"Jedine\u010dn\u00fd bytov\u00fd textil u\u0161it\u00fd na Slovensku, kde jde ruku v ruce odolnost, \u0161etrnost k \u017eivotn\u00edmu prost\u0159ed\u00ed a nad\u010dasov\u00fd styl. Jsme mal\u00e1 rodinn\u00e1 zna\u010dka Lanaja\" \/>\n<meta property=\"og:url\" content=\"https:\/\/lanaja.sk\/cs\/odolnost-setrnost-k-zivotnimu-prostredi-a-nadcasovy-styl\/\" \/>\n<meta property=\"og:site_name\" content=\"Lanaja-slovensk\u00e1 udr\u017eiteln\u00e1 zna\u010dka a v\u00fdrobce ln\u011bn\u00e9ho textilu\" \/>\n<meta property=\"article:publisher\" content=\"https:\/\/www.facebook.com\/Abreadbag\" \/>\n<meta property=\"article:published_time\" content=\"2024-02-22T08:09:53+00:00\" \/>\n<meta property=\"article:modified_time\" content=\"2024-06-02T13:01:07+00:00\" \/>\n<meta property=\"og:image\" content=\"https:\/\/lanaja.sk\/wp-content\/uploads\/2024\/02\/P4110527-scaled.webp\" \/>\n\t<meta property=\"og:image:width\" content=\"2560\" \/>\n\t<meta property=\"og:image:height\" content=\"1920\" \/>\n\t<meta property=\"og:image:type\" content=\"image\/jpeg\" \/>\n<meta name=\"author\" content=\"Al\u017ebeta Andr\u00e1\u0161ikov\u00e1\" \/>\n<meta name=\"twitter:card\" content=\"summary_large_image\" \/>\n<meta name=\"twitter:label1\" content=\"Napsal(a)\" \/>\n\t<meta name=\"twitter:data1\" content=\"Al\u017ebeta Andr\u00e1\u0161ikov\u00e1\" \/>\n\t<meta name=\"twitter:label2\" content=\"Odhadovan\u00e1 doba \u010dten\u00ed\" \/>\n\t<meta name=\"twitter:data2\" content=\"5 minut\" \/>\n<script type=\"application\/ld+json\" class=\"yoast-schema-graph\">{\"@context\":\"https:\\\/\\\/schema.org\",\"@graph\":[{\"@type\":\"Article\",\"@id\":\"https:\\\/\\\/lanaja.sk\\\/cs\\\/odolnost-setrnost-k-zivotnimu-prostredi-a-nadcasovy-styl\\\/#article\",\"isPartOf\":{\"@id\":\"https:\\\/\\\/lanaja.sk\\\/cs\\\/odolnost-setrnost-k-zivotnimu-prostredi-a-nadcasovy-styl\\\/\"},\"author\":{\"name\":\"Al\u017ebeta Andr\u00e1\u0161ikov\u00e1\",\"@id\":\"https:\\\/\\\/lanaja.sk\\\/cs\\\/#\\\/schema\\\/person\\\/03b484e8a920977800eb66d001ff7437\"},\"headline\":\"Odolnost, \u0161etrnost k \u017eivotn\u00edmu prost\u0159ed\u00ed a nad\u010dasov\u00fd styl\",\"datePublished\":\"2024-02-22T08:09:53+00:00\",\"dateModified\":\"2024-06-02T13:01:07+00:00\",\"mainEntityOfPage\":{\"@id\":\"https:\\\/\\\/lanaja.sk\\\/cs\\\/odolnost-setrnost-k-zivotnimu-prostredi-a-nadcasovy-styl\\\/\"},\"wordCount\":1028,\"publisher\":{\"@id\":\"https:\\\/\\\/lanaja.sk\\\/cs\\\/#organization\"},\"image\":{\"@id\":\"https:\\\/\\\/lanaja.sk\\\/cs\\\/odolnost-setrnost-k-zivotnimu-prostredi-a-nadcasovy-styl\\\/#primaryimage\"},\"thumbnailUrl\":\"https:\\\/\\\/lanaja.sk\\\/wp-content\\\/uploads\\\/2024\\\/02\\\/P4110527-scaled.webp\",\"keywords\":[\"ln\u011bn\u00e9 v\u00fdrobky\",\"Slovensk\u00e1 zna\u010dka\",\"Slovensk\u00e9 v\u00fdrobky\"],\"articleSection\":[\"Udr\u017eiteln\u00fd \u017eivot\"],\"inLanguage\":\"cs\"},{\"@type\":\"WebPage\",\"@id\":\"https:\\\/\\\/lanaja.sk\\\/cs\\\/odolnost-setrnost-k-zivotnimu-prostredi-a-nadcasovy-styl\\\/\",\"url\":\"https:\\\/\\\/lanaja.sk\\\/cs\\\/odolnost-setrnost-k-zivotnimu-prostredi-a-nadcasovy-styl\\\/\",\"name\":\"Odolnost, \u0161etrnost k \u017eivotn\u00edmu prost\u0159ed\u00ed a nad\u010dasov\u00fd styl &#8226; Lanaja-slovensk\u00e1 udr\u017eiteln\u00e1 zna\u010dka a v\u00fdrobce ln\u011bn\u00e9ho textilu\",\"isPartOf\":{\"@id\":\"https:\\\/\\\/lanaja.sk\\\/cs\\\/#website\"},\"primaryImageOfPage\":{\"@id\":\"https:\\\/\\\/lanaja.sk\\\/cs\\\/odolnost-setrnost-k-zivotnimu-prostredi-a-nadcasovy-styl\\\/#primaryimage\"},\"image\":{\"@id\":\"https:\\\/\\\/lanaja.sk\\\/cs\\\/odolnost-setrnost-k-zivotnimu-prostredi-a-nadcasovy-styl\\\/#primaryimage\"},\"thumbnailUrl\":\"https:\\\/\\\/lanaja.sk\\\/wp-content\\\/uploads\\\/2024\\\/02\\\/P4110527-scaled.webp\",\"datePublished\":\"2024-02-22T08:09:53+00:00\",\"dateModified\":\"2024-06-02T13:01:07+00:00\",\"description\":\"Jedine\u010dn\u00fd bytov\u00fd textil u\u0161it\u00fd na Slovensku, kde jde ruku v ruce odolnost, \u0161etrnost k \u017eivotn\u00edmu prost\u0159ed\u00ed a nad\u010dasov\u00fd styl. Jsme mal\u00e1 rodinn\u00e1 zna\u010dka Lanaja\",\"breadcrumb\":{\"@id\":\"https:\\\/\\\/lanaja.sk\\\/cs\\\/odolnost-setrnost-k-zivotnimu-prostredi-a-nadcasovy-styl\\\/#breadcrumb\"},\"inLanguage\":\"cs\",\"potentialAction\":[{\"@type\":\"ReadAction\",\"target\":[\"https:\\\/\\\/lanaja.sk\\\/cs\\\/odolnost-setrnost-k-zivotnimu-prostredi-a-nadcasovy-styl\\\/\"]}]},{\"@type\":\"ImageObject\",\"inLanguage\":\"cs\",\"@id\":\"https:\\\/\\\/lanaja.sk\\\/cs\\\/odolnost-setrnost-k-zivotnimu-prostredi-a-nadcasovy-styl\\\/#primaryimage\",\"url\":\"https:\\\/\\\/lanaja.sk\\\/wp-content\\\/uploads\\\/2024\\\/02\\\/P4110527-scaled.webp\",\"contentUrl\":\"https:\\\/\\\/lanaja.sk\\\/wp-content\\\/uploads\\\/2024\\\/02\\\/P4110527-scaled.webp\",\"width\":2560,\"height\":1920,\"caption\":\"\u013eanov\u00e9 oblie\u010dky v \u0161edej farbe s dreven\u00fdmi gomb\u00edkmi\"},{\"@type\":\"BreadcrumbList\",\"@id\":\"https:\\\/\\\/lanaja.sk\\\/cs\\\/odolnost-setrnost-k-zivotnimu-prostredi-a-nadcasovy-styl\\\/#breadcrumb\",\"itemListElement\":[{\"@type\":\"ListItem\",\"position\":1,\"name\":\"Home\",\"item\":\"https:\\\/\\\/lanaja.sk\\\/cs\\\/\"},{\"@type\":\"ListItem\",\"position\":2,\"name\":\"Odolnost, \u0161etrnost k \u017eivotn\u00edmu prost\u0159ed\u00ed a nad\u010dasov\u00fd styl\"}]},{\"@type\":\"WebSite\",\"@id\":\"https:\\\/\\\/lanaja.sk\\\/cs\\\/#website\",\"url\":\"https:\\\/\\\/lanaja.sk\\\/cs\\\/\",\"name\":\"Lanaja - bytov\u00fd textil z \u013eanu a \u013eanov\u00e9 v\u00fdrobky\",\"description\":\"Jedine\u010dn\u00fd bytov\u00fd textil, ln\u011bn\u00e9 pytl\u00edky, ln\u011bn\u00e9 ubrusy, ln\u011bn\u00e9 lo\u017en\u00ed povle\u010den\u00ed, ln\u011bn\u00e9 ut\u011brky, ln\u011bn\u00e9 prost\u00edr\u00e1n\u00ed vyroben\u00e9 a \u0161it\u00e9 na Slovensku\",\"publisher\":{\"@id\":\"https:\\\/\\\/lanaja.sk\\\/cs\\\/#organization\"},\"alternateName\":\"Lanaja - v\u00fdrobky z \u013eanu, \u013eanov\u00fd bytov\u00fd textil\",\"potentialAction\":[{\"@type\":\"SearchAction\",\"target\":{\"@type\":\"EntryPoint\",\"urlTemplate\":\"https:\\\/\\\/lanaja.sk\\\/cs\\\/?s={search_term_string}\"},\"query-input\":{\"@type\":\"PropertyValueSpecification\",\"valueRequired\":true,\"valueName\":\"search_term_string\"}}],\"inLanguage\":\"cs\"},{\"@type\":\"Organization\",\"@id\":\"https:\\\/\\\/lanaja.sk\\\/cs\\\/#organization\",\"name\":\"Lanaja\",\"alternateName\":\"Al\u017ebeta Andr\u00e1\u0161ikov\u00e1 - Lanaja\",\"url\":\"https:\\\/\\\/lanaja.sk\\\/cs\\\/\",\"logo\":{\"@type\":\"ImageObject\",\"inLanguage\":\"cs\",\"@id\":\"https:\\\/\\\/lanaja.sk\\\/cs\\\/#\\\/schema\\\/logo\\\/image\\\/\",\"url\":\"https:\\\/\\\/lanaja.sk\\\/wp-content\\\/uploads\\\/2024\\\/01\\\/Lanaja.sk-logo.png\",\"contentUrl\":\"https:\\\/\\\/lanaja.sk\\\/wp-content\\\/uploads\\\/2024\\\/01\\\/Lanaja.sk-logo.png\",\"width\":600,\"height\":300,\"caption\":\"Lanaja\"},\"image\":{\"@id\":\"https:\\\/\\\/lanaja.sk\\\/cs\\\/#\\\/schema\\\/logo\\\/image\\\/\"},\"sameAs\":[\"https:\\\/\\\/www.facebook.com\\\/Abreadbag\",\"https:\\\/\\\/www.instagram.com\\\/lanaja_sk\\\/\"]},{\"@type\":\"Person\",\"@id\":\"https:\\\/\\\/lanaja.sk\\\/cs\\\/#\\\/schema\\\/person\\\/03b484e8a920977800eb66d001ff7437\",\"name\":\"Al\u017ebeta Andr\u00e1\u0161ikov\u00e1\",\"image\":{\"@type\":\"ImageObject\",\"inLanguage\":\"cs\",\"@id\":\"https:\\\/\\\/secure.gravatar.com\\\/avatar\\\/82259c03c46dc4c5e2c3213c2a75239b3f9f30a170c7e18e1b4ea244fd601f8c?s=96&d=mm&r=g\",\"url\":\"https:\\\/\\\/secure.gravatar.com\\\/avatar\\\/82259c03c46dc4c5e2c3213c2a75239b3f9f30a170c7e18e1b4ea244fd601f8c?s=96&d=mm&r=g\",\"contentUrl\":\"https:\\\/\\\/secure.gravatar.com\\\/avatar\\\/82259c03c46dc4c5e2c3213c2a75239b3f9f30a170c7e18e1b4ea244fd601f8c?s=96&d=mm&r=g\",\"caption\":\"Al\u017ebeta Andr\u00e1\u0161ikov\u00e1\"}}]}<\/script>\n<!-- \/ Yoast SEO plugin. -->","yoast_head_json":{"title":"Odolnost, \u0161etrnost k \u017eivotn\u00edmu prost\u0159ed\u00ed a nad\u010dasov\u00fd styl &#8226; Lanaja-slovensk\u00e1 udr\u017eiteln\u00e1 zna\u010dka a v\u00fdrobce ln\u011bn\u00e9ho textilu","description":"Jedine\u010dn\u00fd bytov\u00fd textil u\u0161it\u00fd na Slovensku, kde jde ruku v ruce odolnost, \u0161etrnost k \u017eivotn\u00edmu prost\u0159ed\u00ed a nad\u010dasov\u00fd styl. Jsme mal\u00e1 rodinn\u00e1 zna\u010dka Lanaja","robots":{"index":"index","follow":"follow","max-snippet":"max-snippet:-1","max-image-preview":"max-image-preview:large","max-video-preview":"max-video-preview:-1"},"canonical":"https:\/\/lanaja.sk\/cs\/odolnost-setrnost-k-zivotnimu-prostredi-a-nadcasovy-styl\/","og_locale":"cs_CZ","og_type":"article","og_title":"Odolnost, \u0161etrnost k \u017eivotn\u00edmu prost\u0159ed\u00ed a nad\u010dasov\u00fd styl &#8226; Lanaja-slovensk\u00e1 udr\u017eiteln\u00e1 zna\u010dka a v\u00fdrobce ln\u011bn\u00e9ho textilu","og_description":"Jedine\u010dn\u00fd bytov\u00fd textil u\u0161it\u00fd na Slovensku, kde jde ruku v ruce odolnost, \u0161etrnost k \u017eivotn\u00edmu prost\u0159ed\u00ed a nad\u010dasov\u00fd styl. Jsme mal\u00e1 rodinn\u00e1 zna\u010dka Lanaja","og_url":"https:\/\/lanaja.sk\/cs\/odolnost-setrnost-k-zivotnimu-prostredi-a-nadcasovy-styl\/","og_site_name":"Lanaja-slovensk\u00e1 udr\u017eiteln\u00e1 zna\u010dka a v\u00fdrobce ln\u011bn\u00e9ho textilu","article_publisher":"https:\/\/www.facebook.com\/Abreadbag","article_published_time":"2024-02-22T08:09:53+00:00","article_modified_time":"2024-06-02T13:01:07+00:00","og_image":[{"width":2560,"height":1920,"url":"https:\/\/lanaja.sk\/wp-content\/uploads\/2024\/02\/P4110527-scaled.webp","type":"image\/jpeg"}],"author":"Al\u017ebeta Andr\u00e1\u0161ikov\u00e1","twitter_card":"summary_large_image","twitter_misc":{"Napsal(a)":"Al\u017ebeta Andr\u00e1\u0161ikov\u00e1","Odhadovan\u00e1 doba \u010dten\u00ed":"5 minut"},"schema":{"@context":"https:\/\/schema.org","@graph":[{"@type":"Article","@id":"https:\/\/lanaja.sk\/cs\/odolnost-setrnost-k-zivotnimu-prostredi-a-nadcasovy-styl\/#article","isPartOf":{"@id":"https:\/\/lanaja.sk\/cs\/odolnost-setrnost-k-zivotnimu-prostredi-a-nadcasovy-styl\/"},"author":{"name":"Al\u017ebeta Andr\u00e1\u0161ikov\u00e1","@id":"https:\/\/lanaja.sk\/cs\/#\/schema\/person\/03b484e8a920977800eb66d001ff7437"},"headline":"Odolnost, \u0161etrnost k \u017eivotn\u00edmu prost\u0159ed\u00ed a nad\u010dasov\u00fd styl","datePublished":"2024-02-22T08:09:53+00:00","dateModified":"2024-06-02T13:01:07+00:00","mainEntityOfPage":{"@id":"https:\/\/lanaja.sk\/cs\/odolnost-setrnost-k-zivotnimu-prostredi-a-nadcasovy-styl\/"},"wordCount":1028,"publisher":{"@id":"https:\/\/lanaja.sk\/cs\/#organization"},"image":{"@id":"https:\/\/lanaja.sk\/cs\/odolnost-setrnost-k-zivotnimu-prostredi-a-nadcasovy-styl\/#primaryimage"},"thumbnailUrl":"https:\/\/lanaja.sk\/wp-content\/uploads\/2024\/02\/P4110527-scaled.webp","keywords":["ln\u011bn\u00e9 v\u00fdrobky","Slovensk\u00e1 zna\u010dka","Slovensk\u00e9 v\u00fdrobky"],"articleSection":["Udr\u017eiteln\u00fd \u017eivot"],"inLanguage":"cs"},{"@type":"WebPage","@id":"https:\/\/lanaja.sk\/cs\/odolnost-setrnost-k-zivotnimu-prostredi-a-nadcasovy-styl\/","url":"https:\/\/lanaja.sk\/cs\/odolnost-setrnost-k-zivotnimu-prostredi-a-nadcasovy-styl\/","name":"Odolnost, \u0161etrnost k \u017eivotn\u00edmu prost\u0159ed\u00ed a nad\u010dasov\u00fd styl &#8226; Lanaja-slovensk\u00e1 udr\u017eiteln\u00e1 zna\u010dka a v\u00fdrobce ln\u011bn\u00e9ho textilu","isPartOf":{"@id":"https:\/\/lanaja.sk\/cs\/#website"},"primaryImageOfPage":{"@id":"https:\/\/lanaja.sk\/cs\/odolnost-setrnost-k-zivotnimu-prostredi-a-nadcasovy-styl\/#primaryimage"},"image":{"@id":"https:\/\/lanaja.sk\/cs\/odolnost-setrnost-k-zivotnimu-prostredi-a-nadcasovy-styl\/#primaryimage"},"thumbnailUrl":"https:\/\/lanaja.sk\/wp-content\/uploads\/2024\/02\/P4110527-scaled.webp","datePublished":"2024-02-22T08:09:53+00:00","dateModified":"2024-06-02T13:01:07+00:00","description":"Jedine\u010dn\u00fd bytov\u00fd textil u\u0161it\u00fd na Slovensku, kde jde ruku v ruce odolnost, \u0161etrnost k \u017eivotn\u00edmu prost\u0159ed\u00ed a nad\u010dasov\u00fd styl. Jsme mal\u00e1 rodinn\u00e1 zna\u010dka Lanaja","breadcrumb":{"@id":"https:\/\/lanaja.sk\/cs\/odolnost-setrnost-k-zivotnimu-prostredi-a-nadcasovy-styl\/#breadcrumb"},"inLanguage":"cs","potentialAction":[{"@type":"ReadAction","target":["https:\/\/lanaja.sk\/cs\/odolnost-setrnost-k-zivotnimu-prostredi-a-nadcasovy-styl\/"]}]},{"@type":"ImageObject","inLanguage":"cs","@id":"https:\/\/lanaja.sk\/cs\/odolnost-setrnost-k-zivotnimu-prostredi-a-nadcasovy-styl\/#primaryimage","url":"https:\/\/lanaja.sk\/wp-content\/uploads\/2024\/02\/P4110527-scaled.webp","contentUrl":"https:\/\/lanaja.sk\/wp-content\/uploads\/2024\/02\/P4110527-scaled.webp","width":2560,"height":1920,"caption":"\u013eanov\u00e9 oblie\u010dky v \u0161edej farbe s dreven\u00fdmi gomb\u00edkmi"},{"@type":"BreadcrumbList","@id":"https:\/\/lanaja.sk\/cs\/odolnost-setrnost-k-zivotnimu-prostredi-a-nadcasovy-styl\/#breadcrumb","itemListElement":[{"@type":"ListItem","position":1,"name":"Home","item":"https:\/\/lanaja.sk\/cs\/"},{"@type":"ListItem","position":2,"name":"Odolnost, \u0161etrnost k \u017eivotn\u00edmu prost\u0159ed\u00ed a nad\u010dasov\u00fd styl"}]},{"@type":"WebSite","@id":"https:\/\/lanaja.sk\/cs\/#website","url":"https:\/\/lanaja.sk\/cs\/","name":"Lanaja - bytov\u00fd textil z \u013eanu a \u013eanov\u00e9 v\u00fdrobky","description":"Jedine\u010dn\u00fd bytov\u00fd textil, ln\u011bn\u00e9 pytl\u00edky, ln\u011bn\u00e9 ubrusy, ln\u011bn\u00e9 lo\u017en\u00ed povle\u010den\u00ed, ln\u011bn\u00e9 ut\u011brky, ln\u011bn\u00e9 prost\u00edr\u00e1n\u00ed vyroben\u00e9 a \u0161it\u00e9 na Slovensku","publisher":{"@id":"https:\/\/lanaja.sk\/cs\/#organization"},"alternateName":"Lanaja - v\u00fdrobky z \u013eanu, \u013eanov\u00fd bytov\u00fd textil","potentialAction":[{"@type":"SearchAction","target":{"@type":"EntryPoint","urlTemplate":"https:\/\/lanaja.sk\/cs\/?s={search_term_string}"},"query-input":{"@type":"PropertyValueSpecification","valueRequired":true,"valueName":"search_term_string"}}],"inLanguage":"cs"},{"@type":"Organization","@id":"https:\/\/lanaja.sk\/cs\/#organization","name":"Lanaja","alternateName":"Al\u017ebeta Andr\u00e1\u0161ikov\u00e1 - Lanaja","url":"https:\/\/lanaja.sk\/cs\/","logo":{"@type":"ImageObject","inLanguage":"cs","@id":"https:\/\/lanaja.sk\/cs\/#\/schema\/logo\/image\/","url":"https:\/\/lanaja.sk\/wp-content\/uploads\/2024\/01\/Lanaja.sk-logo.png","contentUrl":"https:\/\/lanaja.sk\/wp-content\/uploads\/2024\/01\/Lanaja.sk-logo.png","width":600,"height":300,"caption":"Lanaja"},"image":{"@id":"https:\/\/lanaja.sk\/cs\/#\/schema\/logo\/image\/"},"sameAs":["https:\/\/www.facebook.com\/Abreadbag","https:\/\/www.instagram.com\/lanaja_sk\/"]},{"@type":"Person","@id":"https:\/\/lanaja.sk\/cs\/#\/schema\/person\/03b484e8a920977800eb66d001ff7437","name":"Al\u017ebeta Andr\u00e1\u0161ikov\u00e1","image":{"@type":"ImageObject","inLanguage":"cs","@id":"https:\/\/secure.gravatar.com\/avatar\/82259c03c46dc4c5e2c3213c2a75239b3f9f30a170c7e18e1b4ea244fd601f8c?s=96&d=mm&r=g","url":"https:\/\/secure.gravatar.com\/avatar\/82259c03c46dc4c5e2c3213c2a75239b3f9f30a170c7e18e1b4ea244fd601f8c?s=96&d=mm&r=g","contentUrl":"https:\/\/secure.gravatar.com\/avatar\/82259c03c46dc4c5e2c3213c2a75239b3f9f30a170c7e18e1b4ea244fd601f8c?s=96&d=mm&r=g","caption":"Al\u017ebeta Andr\u00e1\u0161ikov\u00e1"}}]}},"_links":{"self":[{"href":"https:\/\/lanaja.sk\/cs\/wp-json\/wp\/v2\/posts\/12978","targetHints":{"allow":["GET"]}}],"collection":[{"href":"https:\/\/lanaja.sk\/cs\/wp-json\/wp\/v2\/posts"}],"about":[{"href":"https:\/\/lanaja.sk\/cs\/wp-json\/wp\/v2\/types\/post"}],"author":[{"embeddable":true,"href":"https:\/\/lanaja.sk\/cs\/wp-json\/wp\/v2\/users\/2"}],"replies":[{"embeddable":true,"href":"https:\/\/lanaja.sk\/cs\/wp-json\/wp\/v2\/comments?post=12978"}],"version-history":[{"count":3,"href":"https:\/\/lanaja.sk\/cs\/wp-json\/wp\/v2\/posts\/12978\/revisions"}],"predecessor-version":[{"id":14508,"href":"https:\/\/lanaja.sk\/cs\/wp-json\/wp\/v2\/posts\/12978\/revisions\/14508"}],"wp:featuredmedia":[{"embeddable":true,"href":"https:\/\/lanaja.sk\/cs\/wp-json\/wp\/v2\/media\/10994"}],"wp:attachment":[{"href":"https:\/\/lanaja.sk\/cs\/wp-json\/wp\/v2\/media?parent=12978"}],"wp:term":[{"taxonomy":"category","embeddable":true,"href":"https:\/\/lanaja.sk\/cs\/wp-json\/wp\/v2\/categories?post=12978"},{"taxonomy":"post_tag","embeddable":true,"href":"https:\/\/lanaja.sk\/cs\/wp-json\/wp\/v2\/tags?post=12978"}],"curies":[{"name":"wp","href":"https:\/\/api.w.org\/{rel}","templated":true}]}}