{"id":12985,"date":"2023-04-17T18:42:14","date_gmt":"2023-04-17T16:42:14","guid":{"rendered":"https:\/\/lanaja.sk\/proc-byste-meli-mit-alespon-jeden-lneny-ubrus\/"},"modified":"2024-05-15T11:59:05","modified_gmt":"2024-05-15T09:59:05","slug":"proc-byste-meli-mit-alespon-jeden-lneny-ubrus","status":"publish","type":"post","link":"https:\/\/lanaja.sk\/cs\/proc-byste-meli-mit-alespon-jeden-lneny-ubrus\/","title":{"rendered":"Pro\u010d byste m\u011bli m\u00edt alespo\u0148 jeden ln\u011bn\u00fd ubrus?"},"content":{"rendered":"\t\t<div data-elementor-type=\"wp-post\" data-elementor-id=\"12985\" class=\"elementor elementor-12985 elementor-8010\" data-elementor-post-type=\"post\">\n\t\t\t\t<div class=\"elementor-element elementor-element-7b6c41b e-flex e-con-boxed e-con e-parent\" data-id=\"7b6c41b\" data-element_type=\"container\" data-e-type=\"container\">\n\t\t\t\t\t<div class=\"e-con-inner\">\n\t\t\t\t<div class=\"elementor-element elementor-element-60acce4 elementor-widget elementor-widget-image\" data-id=\"60acce4\" data-element_type=\"widget\" data-e-type=\"widget\" data-widget_type=\"image.default\">\n\t\t\t\t<div class=\"elementor-widget-container\">\n\t\t\t\t\t\t\t\t\t\t\t\t\t\t\t\t<a href=\"https:\/\/lanaja.sk\/kategoria-produktu\/lanove-obrusy-a-prestierania\/?swcfpc=1\" target=\"_blank\">\n\t\t\t\t\t\t\t<img fetchpriority=\"high\" decoding=\"async\" width=\"1800\" height=\"1200\" src=\"https:\/\/lanaja.sk\/wp-content\/uploads\/2023\/04\/Editorial_MG_6620-scaled-e1681750259691.webp\" class=\"attachment-full size-full wp-image-8013\" alt=\"\u013eanov\u00fd obrus\" srcset=\"https:\/\/lanaja.sk\/wp-content\/uploads\/2023\/04\/Editorial_MG_6620-scaled-e1681750259691.webp 1800w, https:\/\/lanaja.sk\/wp-content\/uploads\/2023\/04\/Editorial_MG_6620-scaled-e1681750259691-800x533.webp 800w\" sizes=\"(max-width: 1800px) 100vw, 1800px\" \/>\t\t\t\t\t\t\t\t<\/a>\n\t\t\t\t\t\t\t\t\t\t\t\t\t\t\t<\/div>\n\t\t\t\t<\/div>\n\t\t\t\t\t<\/div>\n\t\t\t\t<\/div>\n\t\t<div class=\"elementor-element elementor-element-8d6e71e e-flex e-con-boxed e-con e-parent\" data-id=\"8d6e71e\" data-element_type=\"container\" data-e-type=\"container\">\n\t\t\t\t\t<div class=\"e-con-inner\">\n\t\t\t\t<div class=\"elementor-element elementor-element-ed48c34 elementor-widget-divider--view-line elementor-widget elementor-widget-divider\" data-id=\"ed48c34\" data-element_type=\"widget\" data-e-type=\"widget\" data-widget_type=\"divider.default\">\n\t\t\t\t<div class=\"elementor-widget-container\">\n\t\t\t\t\t\t\t<div class=\"elementor-divider\">\n\t\t\t<span class=\"elementor-divider-separator\">\n\t\t\t\t\t\t<\/span>\n\t\t<\/div>\n\t\t\t\t\t\t<\/div>\n\t\t\t\t<\/div>\n\t\t\t\t<div class=\"elementor-element elementor-element-7552cb4 elementor-widget elementor-widget-text-editor\" data-id=\"7552cb4\" data-element_type=\"widget\" data-e-type=\"widget\" data-widget_type=\"text-editor.default\">\n\t\t\t\t<div class=\"elementor-widget-container\">\n\t\t\t\t\t\t\t\t\t<p><strong>Ln\u011bn\u00e9 ubrusy<\/strong> jsou klasick\u00fdm p\u0159\u00edkladem tradi\u010dn\u00edho bytov\u00e9ho textilu. V minulosti byly velmi obl\u00edben\u00e9 v kuchyn\u00edch a j\u00eddeln\u00e1ch, ale tak\u00e9 p\u0159i slavnostn\u00edch p\u0159\u00edle\u017eitostech. Dnes jsou st\u00e1le obl\u00edben\u011bj\u0161\u00ed i v modern\u00edch interi\u00e9rech. Ubrusy z \u010dist\u00e9ho lnu maj\u00ed jedine\u010dn\u00e9 kouzlo a zvl\u00e1\u0161tn\u00ed estetick\u00fd v\u00fdraz, kter\u00fd je odli\u0161uje od ostatn\u00edch textiln\u00edch materi\u00e1l\u016f.<\/p>\n<p><strong>Kdy\u017e se pod\u00edv\u00e1te na ln\u011bn\u00fd ubrus<\/strong>, okam\u017eit\u011b si v\u0161imnete p\u0159\u00edrodn\u00edch vl\u00e1ken, kter\u00e1 na povrchu vytv\u00e1\u0159ej\u00ed jemn\u00e9 nerovnom\u011brn\u00e9 vzory. Tato vl\u00e1kna jsou hladk\u00e1 na dotek, ale z\u00e1rove\u0148 maj\u00ed p\u0159\u00edjemnou hrubost, kter\u00e1 dod\u00e1v\u00e1 ubrusu p\u0159irozen\u00fd vzhled. Jejich p\u0159irozen\u00e9 barvy, jako je b\u00e9\u017eov\u00e1, kr\u00e9mov\u00e1 nebo sv\u011btle \u0161ed\u00e1, navozuj\u00ed pocit p\u0159irozen\u00e9ho tepla a harmonie.<\/p>\n\t\t\t\t\t\t\t\t<\/div>\n\t\t\t\t<\/div>\n\t\t\t\t<div class=\"elementor-element elementor-element-0ab698c elementor-widget-divider--view-line elementor-widget elementor-widget-divider\" data-id=\"0ab698c\" data-element_type=\"widget\" data-e-type=\"widget\" data-widget_type=\"divider.default\">\n\t\t\t\t<div class=\"elementor-widget-container\">\n\t\t\t\t\t\t\t<div class=\"elementor-divider\">\n\t\t\t<span class=\"elementor-divider-separator\">\n\t\t\t\t\t\t<\/span>\n\t\t<\/div>\n\t\t\t\t\t\t<\/div>\n\t\t\t\t<\/div>\n\t\t\t\t\t<\/div>\n\t\t\t\t<\/div>\n\t\t<div class=\"elementor-element elementor-element-f1530fe e-con-full e-flex e-con e-parent\" data-id=\"f1530fe\" data-element_type=\"container\" data-e-type=\"container\">\n\t\t\t\t<div class=\"elementor-element elementor-element-f73afc5 elementor-widget elementor-widget-heading\" data-id=\"f73afc5\" data-element_type=\"widget\" data-e-type=\"widget\" data-widget_type=\"heading.default\">\n\t\t\t\t<div class=\"elementor-widget-container\">\n\t\t\t\t\t<h2 class=\"elementor-heading-title elementor-size-default\">Co je na nich tak zvl\u00e1\u0161tn\u00edho?<\/h2>\t\t\t\t<\/div>\n\t\t\t\t<\/div>\n\t\t\t\t<div class=\"elementor-element elementor-element-b048cff elementor-widget elementor-widget-spacer\" data-id=\"b048cff\" data-element_type=\"widget\" data-e-type=\"widget\" data-widget_type=\"spacer.default\">\n\t\t\t\t<div class=\"elementor-widget-container\">\n\t\t\t\t\t\t\t<div class=\"elementor-spacer\">\n\t\t\t<div class=\"elementor-spacer-inner\"><\/div>\n\t\t<\/div>\n\t\t\t\t\t\t<\/div>\n\t\t\t\t<\/div>\n\t\t\t\t<div class=\"elementor-element elementor-element-9919a27 elementor-position-top elementor-widget elementor-widget-image-box\" data-id=\"9919a27\" data-element_type=\"widget\" data-e-type=\"widget\" data-widget_type=\"image-box.default\">\n\t\t\t\t<div class=\"elementor-widget-container\">\n\t\t\t\t\t<div class=\"elementor-image-box-wrapper\"><figure class=\"elementor-image-box-img\"><a href=\"https:\/\/lanaja.sk\/obchod\/lanove-obrusy-a-prestierania\/lanovy-obrus\/?swcfpc=1\" target=\"_blank\" tabindex=\"-1\"><img decoding=\"async\" width=\"850\" height=\"567\" src=\"https:\/\/lanaja.sk\/wp-content\/uploads\/2018\/03\/Abreadbag-63-e1643907975416-jpg.webp\" class=\"attachment-full size-full wp-image-3534\" alt=\"svadobn\u00fd obrus\" srcset=\"https:\/\/lanaja.sk\/wp-content\/uploads\/2018\/03\/Abreadbag-63-e1643907975416-jpg.webp 850w, https:\/\/lanaja.sk\/wp-content\/uploads\/2018\/03\/Abreadbag-63-e1643907975416-jpg-800x534.webp 800w, https:\/\/lanaja.sk\/wp-content\/uploads\/2018\/03\/Abreadbag-63-e1643907975416-300x200.webp 300w, https:\/\/lanaja.sk\/wp-content\/uploads\/2018\/03\/Abreadbag-63-e1643907975416-768x512.webp 768w, https:\/\/lanaja.sk\/wp-content\/uploads\/2018\/03\/Abreadbag-63-e1643907975416-500x334.jpg 500w\" sizes=\"(max-width: 850px) 100vw, 850px\" \/><\/a><\/figure><div class=\"elementor-image-box-content\"><p class=\"elementor-image-box-description\">Len je rostlina s jemn\u00fdmi vl\u00e1kny, kter\u00e1 se pou\u017e\u00edvaj\u00ed k v\u00fdrob\u011b textili\u00ed a pap\u00edru.\n  Ln\u011bn\u00e1 vl\u00e1kna jsou trvanliv\u00e1 a trvanliv\u00e1, co\u017e znamen\u00e1, \u017ee v\u00fdrobky ze lnu jsou odoln\u011bj\u0161\u00ed ne\u017e z jin\u00fdch materi\u00e1l\u016f.  \nLn\u011bn\u00e1 vl\u00e1kna jsou nav\u00edc tak\u00e9 hypoalergenn\u00ed a jsou vhodn\u00e1 i pro osoby s citlivou poko\u017ekou.<\/p><\/div><\/div>\t\t\t\t<\/div>\n\t\t\t\t<\/div>\n\t\t\t\t<\/div>\n\t\t<div class=\"elementor-element elementor-element-53fbb16 e-flex e-con-boxed e-con e-parent\" data-id=\"53fbb16\" data-element_type=\"container\" data-e-type=\"container\">\n\t\t\t\t\t<div class=\"e-con-inner\">\n\t\t<div class=\"elementor-element elementor-element-f512895 e-con-full e-flex e-con e-child\" data-id=\"f512895\" data-element_type=\"container\" data-e-type=\"container\">\n\t\t\t\t<div class=\"elementor-element elementor-element-24fcebc elementor-widget elementor-widget-image\" data-id=\"24fcebc\" data-element_type=\"widget\" data-e-type=\"widget\" data-widget_type=\"image.default\">\n\t\t\t\t<div class=\"elementor-widget-container\">\n\t\t\t\t\t\t\t\t\t\t\t\t\t\t\t<img decoding=\"async\" width=\"682\" height=\"1024\" src=\"https:\/\/lanaja.sk\/wp-content\/uploads\/2021\/10\/DSC03492-scaled-682x1024.webp\" class=\"attachment-large size-large wp-image-7115\" alt=\"\u013eanov\u00fd obrus\" srcset=\"https:\/\/lanaja.sk\/wp-content\/uploads\/2021\/10\/DSC03492-scaled-682x1024.webp 682w, https:\/\/lanaja.sk\/wp-content\/uploads\/2021\/10\/DSC03492-scaled-jpg-800x1200.webp 800w, https:\/\/lanaja.sk\/wp-content\/uploads\/2021\/10\/DSC03492-scaled-200x300.webp 200w, https:\/\/lanaja.sk\/wp-content\/uploads\/2021\/10\/DSC03492-scaled-768x1152.webp 768w, https:\/\/lanaja.sk\/wp-content\/uploads\/2021\/10\/DSC03492-scaled-1024x1536.webp 1024w, https:\/\/lanaja.sk\/wp-content\/uploads\/2021\/10\/DSC03492-scaled-1365x2048.webp 1365w, https:\/\/lanaja.sk\/wp-content\/uploads\/2021\/10\/DSC03492-scaled-500x750.jpg 500w, https:\/\/lanaja.sk\/wp-content\/uploads\/2021\/10\/DSC03492-133x200.jpg 133w, https:\/\/lanaja.sk\/wp-content\/uploads\/2021\/10\/DSC03492-600x900.jpg 600w, https:\/\/lanaja.sk\/wp-content\/uploads\/2021\/10\/DSC03492-scaled-jpg.webp 1706w\" sizes=\"(max-width: 682px) 100vw, 682px\" \/>\t\t\t\t\t\t\t\t\t\t\t\t\t\t\t<\/div>\n\t\t\t\t<\/div>\n\t\t\t\t<\/div>\n\t\t<div class=\"elementor-element elementor-element-cbb9c8d e-con-full e-flex e-con e-child\" data-id=\"cbb9c8d\" data-element_type=\"container\" data-e-type=\"container\">\n\t\t\t\t<div class=\"elementor-element elementor-element-7d5a8ee elementor-widget elementor-widget-text-editor\" data-id=\"7d5a8ee\" data-element_type=\"widget\" data-e-type=\"widget\" data-widget_type=\"text-editor.default\">\n\t\t\t\t<div class=\"elementor-widget-container\">\n\t\t\t\t\t\t\t\t\t<p><strong>Ln\u011bn\u00e9 ubrusy maj\u00ed p\u0159\u00edrodn\u00ed a rustik\u00e1ln\u00ed vzhled<\/strong>, kter\u00fd se hod\u00ed do mnoha typ\u016f interi\u00e9r\u016f, zejm\u00e9na t\u011bch s p\u0159\u00edrodn\u00edmi prvky. Proto se \u010dasto pou\u017e\u00edvaj\u00ed v kuchyn\u00edch a j\u00eddeln\u00e1ch, ale tak\u00e9 v ob\u00fdvac\u00edch pokoj\u00edch a lo\u017enic\u00edch.<\/p>\n<p><strong>Ln\u011bn\u00e9 ubrusy jsou velmi trvanliv\u00e9 a odoln\u00e9 proti opot\u0159eben\u00ed<\/strong><strong> a mohou v\u00e1m s l\u00e1skou slou\u017eit mnoho let. <\/strong>Jejich ln\u011bn\u00e1 vl\u00e1kna jsou stejn\u011b odoln\u00e1 v\u016f\u010di slune\u010dn\u00edmu z\u00e1\u0159en\u00ed a vysok\u00fdm teplot\u00e1m.<\/p>\n<p><strong>Na\u0161e ln\u011bn\u00e9 ubrusy budou vyrobeny na m\u00edru a pe\u010dliv\u011b vypran\u00e9, <\/strong>tak\u017ee se po n\u011bkolika vypr\u00e1n\u00edch ji\u017e nesraz\u00ed, nesraz\u00ed ani neztrat\u00ed sv\u016fj tvar.<\/p>\n<p><strong>Ln\u011bn\u00e1 vl\u00e1kna maj\u00ed schopnost absorbovat a uvol\u0148ovat vlhkost<\/strong>, proto jsou vhodn\u00e1 i do m\u00edst vystaven\u00fdch vy\u0161\u0161\u00ed vlhkosti, jako je kuchyn\u011b, zahrada a venkovn\u00ed terasa. \u010c\u00edm v\u00edce ln\u011bn\u00fdch ubrus\u016f se pou\u017e\u00edv\u00e1, t\u00edm jsou m\u011bk\u010d\u00ed a p\u0159\u00edjemn\u011bj\u0161\u00ed na dotek. Len m\u00e1 sv\u00e1 vl\u00e1kna dut\u00e1, proto se ne\u010distoty zp\u016fsoben\u00e9 rozlit\u00edm dob\u0159e \u010dist\u00ed a prom\u00fdvaj\u00ed a z\u016fst\u00e1vaj\u00ed na povrchu vl\u00e1ken. Vzhledem k tomu, \u017ee len m\u00e1 schopnost absorbovat v\u00edce vody, absorbovat vlhkost a rychle tuto vlhkost ze sv\u00fdch vl\u00e1ken rychle odpa\u0159ovat, jsou ln\u011bn\u00e9 ubrusy ide\u00e1ln\u00ed i pro pou\u017eit\u00ed p\u0159i serv\u00edrov\u00e1n\u00ed j\u00eddel a n\u00e1poj\u016f.<\/p>\n\t\t\t\t\t\t\t\t<\/div>\n\t\t\t\t<\/div>\n\t\t\t\t<\/div>\n\t\t\t\t\t<\/div>\n\t\t\t\t<\/div>\n\t\t<div class=\"elementor-element elementor-element-2845cc5 e-flex e-con-boxed e-con e-parent\" data-id=\"2845cc5\" data-element_type=\"container\" data-e-type=\"container\">\n\t\t\t\t\t<div class=\"e-con-inner\">\n\t\t<div class=\"elementor-element elementor-element-ed799a5 e-con-full e-flex e-con e-child\" data-id=\"ed799a5\" data-element_type=\"container\" data-e-type=\"container\">\n\t\t\t\t<div class=\"elementor-element elementor-element-f139aed elementor-widget elementor-widget-image\" data-id=\"f139aed\" data-element_type=\"widget\" data-e-type=\"widget\" data-widget_type=\"image.default\">\n\t\t\t\t<div class=\"elementor-widget-container\">\n\t\t\t\t\t\t\t\t\t\t\t\t\t\t\t<img loading=\"lazy\" decoding=\"async\" width=\"683\" height=\"1024\" src=\"https:\/\/lanaja.sk\/wp-content\/uploads\/2023\/04\/IMG_0331-683x1024.webp\" class=\"attachment-large size-large wp-image-8015\" alt=\"stredov\u00fd obrus\" srcset=\"https:\/\/lanaja.sk\/wp-content\/uploads\/2023\/04\/IMG_0331-683x1024.webp 683w, https:\/\/lanaja.sk\/wp-content\/uploads\/2023\/04\/IMG_0331-scaled-e1681753777207-800x1200.webp 800w, https:\/\/lanaja.sk\/wp-content\/uploads\/2023\/04\/IMG_0331-200x300.webp 200w, https:\/\/lanaja.sk\/wp-content\/uploads\/2023\/04\/IMG_0331-768x1152.webp 768w, https:\/\/lanaja.sk\/wp-content\/uploads\/2023\/04\/IMG_0331-1024x1536.webp 1024w, https:\/\/lanaja.sk\/wp-content\/uploads\/2023\/04\/IMG_0331-1365x2048.webp 1365w, https:\/\/lanaja.sk\/wp-content\/uploads\/2023\/04\/IMG_0331-scaled-e1681753777207.webp 1200w\" sizes=\"(max-width: 683px) 100vw, 683px\" \/>\t\t\t\t\t\t\t\t\t\t\t\t\t\t\t<\/div>\n\t\t\t\t<\/div>\n\t\t\t\t<\/div>\n\t\t<div class=\"elementor-element elementor-element-8ee4889 e-con-full e-flex e-con e-child\" data-id=\"8ee4889\" data-element_type=\"container\" data-e-type=\"container\">\n\t\t\t\t<div class=\"elementor-element elementor-element-4784ebc elementor-widget elementor-widget-text-editor\" data-id=\"4784ebc\" data-element_type=\"widget\" data-e-type=\"widget\" data-widget_type=\"text-editor.default\">\n\t\t\t\t<div class=\"elementor-widget-container\">\n\t\t\t\t\t\t\t\t\t<p><span style=\"font-style: inherit; font-weight: inherit; text-align: var(--text-align); color: var(--ast-global-color-3);\"> <\/span><\/p>\n<p><span style=\"font-style: inherit; font-weight: inherit; text-align: var(--text-align); color: var(--ast-global-color-3);\"><strong>\u0160etrnost k \u017eivotn\u00edmu prost\u0159ed\u00ed<\/strong>: Rostliny lnu rostou rychle a ke sv\u00e9mu r\u016fstu nepot\u0159ebuj\u00ed pesticidy, hnojiva a zbyte\u010dn\u00e9 zavla\u017eov\u00e1n\u00ed. protilehl\u00e9 ubrusy ze syntetick\u00fdch vl\u00e1ken.<\/span><\/p>\n<p><span style=\"font-style: inherit; font-weight: inherit; text-align: var(--text-align); color: var(--ast-global-color-3);\">Pokud chcete ve sv\u00e9m dom\u011b vytvo\u0159it udr\u017eiteln\u011bj\u0161\u00ed a ekologi\u010dt\u011bj\u0161\u00ed prost\u0159ed\u00ed, ekologick\u00e1 kombinace 100% lnu je rozhodn\u011b materi\u00e1l, do kter\u00e9ho se vyplat\u00ed investovat. 100% len je \u0161etrn\u00fd k \u017eivotn\u00edmu prost\u0159ed\u00ed, je tak\u00e9 obnoviteln\u00fdm zdrojem, p\u0159i jeho p\u011bstov\u00e1n\u00ed se nepou\u017e\u00edvaj\u00ed \u017e\u00e1dn\u00e1 hnojiva a nepot\u0159ebuje zavla\u017eov\u00e1n\u00ed, len je tak\u00e9 pln\u011b biologicky odbourateln\u00fd.<\/span><\/p>\n<p>Len je p\u0159edem promyt\u00fd na 40.st. Proto ji\u017e nen\u00ed t\u0159eba po\u010d\u00edtat s jeho sr\u00e1\u017ekami.<\/p>\n<p>Len nechte p\u0159ikr\u010dit, je to jeho p\u0159irozen\u00e1 vlastnost, pokud jste velk\u00fd kamar\u00e1d se \u017eehli\u010dkou a \u017eehl\u00edte v\u0161e, co v\u00e1m p\u0159ijde pod ruce, doporu\u010dujeme len \u017eehlit vlhk\u00fd nebo jemn\u011b posypan\u00fd.<\/p>\n\t\t\t\t\t\t\t\t<\/div>\n\t\t\t\t<\/div>\n\t\t\t\t<\/div>\n\t\t\t\t\t<\/div>\n\t\t\t\t<\/div>\n\t\t<div class=\"elementor-element elementor-element-76db2d2 e-flex e-con-boxed e-con e-parent\" data-id=\"76db2d2\" data-element_type=\"container\" data-e-type=\"container\">\n\t\t\t\t\t<div class=\"e-con-inner\">\n\t\t<div class=\"elementor-element elementor-element-1574550 e-con-full e-flex e-con e-child\" data-id=\"1574550\" data-element_type=\"container\" data-e-type=\"container\">\n\t\t\t\t<div class=\"elementor-element elementor-element-9a8f9bb elementor-widget__width-initial elementor-widget elementor-widget-image\" data-id=\"9a8f9bb\" data-element_type=\"widget\" data-e-type=\"widget\" data-widget_type=\"image.default\">\n\t\t\t\t<div class=\"elementor-widget-container\">\n\t\t\t\t\t\t\t\t\t\t\t\t\t\t\t<img loading=\"lazy\" decoding=\"async\" width=\"1707\" height=\"2560\" src=\"https:\/\/lanaja.sk\/wp-content\/uploads\/2023\/04\/IMG_1020-scaled.webp\" class=\"attachment-full size-full wp-image-8017\" alt=\"\u013eanov\u00fd obrus\" srcset=\"https:\/\/lanaja.sk\/wp-content\/uploads\/2023\/04\/IMG_1020-scaled.webp 1707w, https:\/\/lanaja.sk\/wp-content\/uploads\/2023\/04\/IMG_1020-scaled-800x1200.webp 800w, https:\/\/lanaja.sk\/wp-content\/uploads\/2023\/04\/IMG_1020-200x300.webp 200w, https:\/\/lanaja.sk\/wp-content\/uploads\/2023\/04\/IMG_1020-683x1024.webp 683w, https:\/\/lanaja.sk\/wp-content\/uploads\/2023\/04\/IMG_1020-768x1152.webp 768w, https:\/\/lanaja.sk\/wp-content\/uploads\/2023\/04\/IMG_1020-1024x1536.webp 1024w, https:\/\/lanaja.sk\/wp-content\/uploads\/2023\/04\/IMG_1020-1365x2048.webp 1365w\" sizes=\"(max-width: 1707px) 100vw, 1707px\" \/>\t\t\t\t\t\t\t\t\t\t\t\t\t\t\t<\/div>\n\t\t\t\t<\/div>\n\t\t\t\t<\/div>\n\t\t<div class=\"elementor-element elementor-element-298cee9 e-con-full e-flex e-con e-child\" data-id=\"298cee9\" data-element_type=\"container\" data-e-type=\"container\">\n\t\t\t\t<div class=\"elementor-element elementor-element-c2e77d7 elementor-widget-mobile__width-initial elementor-widget elementor-widget-text-editor\" data-id=\"c2e77d7\" data-element_type=\"widget\" data-e-type=\"widget\" data-widget_type=\"text-editor.default\">\n\t\t\t\t<div class=\"elementor-widget-container\">\n\t\t\t\t\t\t\t\t\t<p><strong>Ln\u011bn\u00e9 ubrusy<\/strong> vyu\u017eijete pro r\u016fzn\u00e9 p\u0159\u00edle\u017eitosti, v\u010detn\u011b slavnostn\u00edch hostin, rodinn\u00fdch oslav a dokonce i pro ka\u017edodenn\u00ed pou\u017eit\u00ed. R\u00e1di je vyu\u017eijete jako dekorativn\u00ed prvek v interi\u00e9rech.<\/p>\n<p>Vybrat si m\u016f\u017eete z r\u016fzn\u00fdch odst\u00edn\u016f a vzor\u016f, kter\u00e9 dokonale dopln\u00ed v\u00e1\u0161 interi\u00e9r a vnesou do n\u011bj p\u0159irozenou eleganci. Pokud j\u00eddeln\u00ed st\u016fl prost\u0159ete ln\u011bn\u00fdm ubrusem, dodaj\u00ed va\u0161emu p\u0159ipraven\u00e9mu j\u00eddlu atmosf\u00e9ru jednoduch\u00e9ho luxusu. Celkov\u011b jsou ln\u011bn\u00e9 ubrusy &#8222;um\u011blci&#8220; samy o sob\u011b, p\u0159in\u00e1\u0161ej\u00ed do va\u0161eho domova p\u0159\u00edrodu, jednoduchost a autenticitu svou p\u0159irozenou v\u016fn\u00ed a texturou. Jedn\u00e1 se o v\u00fdjime\u010dn\u00e9 textiln\u00ed \u0161perky, kter\u00e9 o\u017eiv\u00ed v\u00e1\u0161 interi\u00e9r a z\u00e1rove\u0148 p\u0159isp\u011bj\u00ed k udr\u017eitelnosti pomoc\u00ed p\u0159\u00edrodn\u00edch materi\u00e1l\u016f.<\/p>\n<p>Jsou k dispozici v r\u016fzn\u00fdch barv\u00e1ch, velikostech a stylech, tak\u017ee si u n\u00e1s m\u016f\u017eete vybrat ten, kter\u00fd nejl\u00e9pe vyhovuje va\u0161im pot\u0159eb\u00e1m a vkusu.<\/p>\n<p>Pe\u010dliv\u011b a s l\u00e1skou je p\u0159izp\u016fsob\u00edme velikosti va\u0161eho stolu.  <\/p>\n<p>Pokud chcete do sv\u00e9ho domova vn\u00e9st je\u0161t\u011b v\u00edce rustik\u00e1ln\u00edho stylu, m\u016f\u017eete si vybrat pr\u00e1dlo s p\u0159irozenou nerovnom\u011brnou strukturou a s vy\u0161\u0161\u00ed gram\u00e1\u017e\u00ed <a href=\"https:\/\/lanaja.sk\/obchod\/kuchyna\/lanove-obrusy-a-prestierania\/lanovy-obrus-3\/?swcfpc=1\" target=\"_blank\" rel=\"noopener\">ZDE<\/a><\/p>\n<p>Vzorn\u00edk pruhovan\u00e9ho lnu najdete <a href=\"https:\/\/lanaja.sk\/cs\/?page_id=7625&#038;swcfpc=1\" target=\"_blank\" rel=\"noopener\">ZDE<\/a><\/p>\n\t\t\t\t\t\t\t\t<\/div>\n\t\t\t\t<\/div>\n\t\t\t\t<\/div>\n\t\t\t\t\t<\/div>\n\t\t\t\t<\/div>\n\t\t<div class=\"elementor-element elementor-element-b3f7ae7 e-flex e-con-boxed e-con e-parent\" data-id=\"b3f7ae7\" data-element_type=\"container\" data-e-type=\"container\">\n\t\t\t\t\t<div class=\"e-con-inner\">\n\t\t\t\t<div class=\"elementor-element elementor-element-2efa280 elementor-widget-divider--view-line elementor-widget elementor-widget-divider\" data-id=\"2efa280\" data-element_type=\"widget\" data-e-type=\"widget\" data-widget_type=\"divider.default\">\n\t\t\t\t<div class=\"elementor-widget-container\">\n\t\t\t\t\t\t\t<div class=\"elementor-divider\">\n\t\t\t<span class=\"elementor-divider-separator\">\n\t\t\t\t\t\t<\/span>\n\t\t<\/div>\n\t\t\t\t\t\t<\/div>\n\t\t\t\t<\/div>\n\t\t\t\t\t<\/div>\n\t\t\t\t<\/div>\n\t\t<div class=\"elementor-element elementor-element-72c34e0 e-flex e-con-boxed e-con e-parent\" data-id=\"72c34e0\" data-element_type=\"container\" data-e-type=\"container\">\n\t\t\t\t\t<div class=\"e-con-inner\">\n\t\t\t\t<div class=\"elementor-element elementor-element-69793a8 elementor-widget elementor-widget-text-editor\" data-id=\"69793a8\" data-element_type=\"widget\" data-e-type=\"widget\" data-widget_type=\"text-editor.default\">\n\t\t\t\t<div class=\"elementor-widget-container\">\n\t\t\t\t\t\t\t\t\t<p>Majka \u0160imkov\u00e1 <a href=\"http:\/\/mariasimko.sk\/\" target=\"_blank\" rel=\"noopener\">mariasimko.sk<\/a> a jej\u00ed unik\u00e1tn\u00ed knihy pln\u00e9 zdrav\u00fdch recept\u016f, nev\u0161edn\u00edch a odli\u0161n\u00fdch <a href=\"http:\/\/www.medzijedlomalaskou.sk\/\" target=\"_blank\" rel=\"noopener\">MEZI J\u00cdDLEM A L\u00c1SKOU<\/a><\/p>\n<p><a href=\"https:\/\/turcokmarek.passgallery.com\/portfolio?fbclid=IwAR2K5wiYdcRQev-Dkkh0JWkJDbf-_6LLKspTGHfP2OK0NRe_fecQBengLO8\" target=\"_blank\" rel=\"noopener\">Marek Tur\u010dok<\/a> a <a href=\"https:\/\/www.instagram.com\/vladkaturcok\/?hl=en\" target=\"_blank\" rel=\"noopener\">Vla\u010fka Tur\u010dok<\/a> a jejich cit a talent vystihnout detail, v\u016fni a atmosf\u00e9ru fotografie.<\/p>\n<p>A neopakovateln\u00e9 dechberouc\u00ed fotky <a href=\"https:\/\/www.instagram.com\/majkajurc\/\" target=\"_blank\" rel=\"noopener\">od Majky Jur\u010dov\u00e9<\/a>, nenechte si uj\u00edt jej\u00ed inspirativn\u00ed remaky, tipy. Jak prom\u011bnit star\u00fd kus n\u00e1bytku a dopl\u0148k\u016f v jedine\u010dn\u00fd kousek, kter\u00fd si ka\u017ed\u00fd zamiluje.<\/p>\n\t\t\t\t\t\t\t\t<\/div>\n\t\t\t\t<\/div>\n\t\t\t\t\t<\/div>\n\t\t\t\t<\/div>\n\t\t<div class=\"elementor-element elementor-element-39a5cc1 e-flex e-con-boxed e-con e-parent\" data-id=\"39a5cc1\" data-element_type=\"container\" data-e-type=\"container\">\n\t\t\t\t\t<div class=\"e-con-inner\">\n\t\t\t\t\t<\/div>\n\t\t\t\t<\/div>\n\t\t\t\t<\/div>\n\t\t","protected":false},"excerpt":{"rendered":"<p>Ln\u011bn\u00e9 ubrusy jsou klasick\u00fdm p\u0159\u00edkladem tradi\u010dn\u00edho bytov\u00e9ho textilu. V minulosti byly velmi obl\u00edben\u00e9 v kuchyn\u00edch a j\u00eddeln\u00e1ch, ale tak\u00e9 p\u0159i slavnostn\u00edch p\u0159\u00edle\u017eitostech. Dnes jsou st\u00e1le obl\u00edben\u011bj\u0161\u00ed i v modern\u00edch interi\u00e9rech. Ubrusy z \u010dist\u00e9ho lnu maj\u00ed jedine\u010dn\u00e9 kouzlo a zvl\u00e1\u0161tn\u00ed estetick\u00fd v\u00fdraz, kter\u00fd je odli\u0161uje od ostatn\u00edch textiln\u00edch materi\u00e1l\u016f. Kdy\u017e se pod\u00edv\u00e1te na ln\u011bn\u00fd ubrus, okam\u017eit\u011b [&hellip;]<\/p>\n","protected":false},"author":2,"featured_media":8017,"comment_status":"closed","ping_status":"closed","sticky":false,"template":"","format":"standard","meta":{"footnotes":""},"categories":[165],"tags":[318,170],"class_list":["post-12985","post","type-post","status-publish","format-standard","has-post-thumbnail","hentry","category-len","tag-lnene-ubrusy","tag-slovenska-znacka-cs"],"yoast_head":"<!-- This site is optimized with the Yoast SEO plugin v27.4 - https:\/\/yoast.com\/product\/yoast-seo-wordpress\/ -->\n<title>Pro\u010d byste m\u011bli m\u00edt alespo\u0148 jeden ln\u011bn\u00fd ubrus? &#8226; Lanaja-slovensk\u00e1 udr\u017eiteln\u00e1 zna\u010dka a v\u00fdrobce ln\u011bn\u00e9ho textilu<\/title>\n<meta name=\"description\" content=\"Pro\u010d byste m\u011bli m\u00edt alespo\u0148 jeden ln\u011bn\u00fd ubrus? Ln\u011bn\u00e9 ubrusy jsou samy o sob\u011b &quot;um\u011blci&quot;, d\u00edky sv\u00e9 p\u0159irozen\u00e9 v\u016fni a struktu\u0159e p\u0159inesou va\u0161emu...\" \/>\n<meta name=\"robots\" content=\"index, follow, max-snippet:-1, max-image-preview:large, max-video-preview:-1\" \/>\n<link rel=\"canonical\" href=\"https:\/\/lanaja.sk\/cs\/proc-byste-meli-mit-alespon-jeden-lneny-ubrus\/\" \/>\n<meta property=\"og:locale\" content=\"cs_CZ\" \/>\n<meta property=\"og:type\" content=\"article\" \/>\n<meta property=\"og:title\" content=\"Pro\u010d byste m\u011bli m\u00edt alespo\u0148 jeden ln\u011bn\u00fd ubrus? &#8226; Lanaja-slovensk\u00e1 udr\u017eiteln\u00e1 zna\u010dka a v\u00fdrobce ln\u011bn\u00e9ho textilu\" \/>\n<meta property=\"og:description\" content=\"Pro\u010d byste m\u011bli m\u00edt alespo\u0148 jeden ln\u011bn\u00fd ubrus? Ln\u011bn\u00e9 ubrusy jsou samy o sob\u011b &quot;um\u011blci&quot;, d\u00edky sv\u00e9 p\u0159irozen\u00e9 v\u016fni a struktu\u0159e p\u0159inesou va\u0161emu...\" \/>\n<meta property=\"og:url\" content=\"https:\/\/lanaja.sk\/cs\/proc-byste-meli-mit-alespon-jeden-lneny-ubrus\/\" \/>\n<meta property=\"og:site_name\" content=\"Lanaja-slovensk\u00e1 udr\u017eiteln\u00e1 zna\u010dka a v\u00fdrobce ln\u011bn\u00e9ho textilu\" \/>\n<meta property=\"article:publisher\" content=\"https:\/\/www.facebook.com\/Abreadbag\" \/>\n<meta property=\"article:published_time\" content=\"2023-04-17T16:42:14+00:00\" \/>\n<meta property=\"article:modified_time\" content=\"2024-05-15T09:59:05+00:00\" \/>\n<meta property=\"og:image\" content=\"https:\/\/lanaja.sk\/wp-content\/uploads\/2023\/04\/IMG_1020-scaled.webp\" \/>\n\t<meta property=\"og:image:width\" content=\"1707\" \/>\n\t<meta property=\"og:image:height\" content=\"2560\" \/>\n\t<meta property=\"og:image:type\" content=\"image\/jpeg\" \/>\n<meta name=\"author\" content=\"Al\u017ebeta Andr\u00e1\u0161ikov\u00e1\" \/>\n<meta name=\"twitter:card\" content=\"summary_large_image\" \/>\n<meta name=\"twitter:label1\" content=\"Napsal(a)\" \/>\n\t<meta name=\"twitter:data1\" content=\"Al\u017ebeta Andr\u00e1\u0161ikov\u00e1\" \/>\n\t<meta name=\"twitter:label2\" content=\"Odhadovan\u00e1 doba \u010dten\u00ed\" \/>\n\t<meta name=\"twitter:data2\" content=\"5 minut\" \/>\n<script type=\"application\/ld+json\" class=\"yoast-schema-graph\">{\"@context\":\"https:\\\/\\\/schema.org\",\"@graph\":[{\"@type\":\"Article\",\"@id\":\"https:\\\/\\\/lanaja.sk\\\/cs\\\/proc-byste-meli-mit-alespon-jeden-lneny-ubrus\\\/#article\",\"isPartOf\":{\"@id\":\"https:\\\/\\\/lanaja.sk\\\/cs\\\/proc-byste-meli-mit-alespon-jeden-lneny-ubrus\\\/\"},\"author\":{\"name\":\"Al\u017ebeta Andr\u00e1\u0161ikov\u00e1\",\"@id\":\"https:\\\/\\\/lanaja.sk\\\/cs\\\/#\\\/schema\\\/person\\\/03b484e8a920977800eb66d001ff7437\"},\"headline\":\"Pro\u010d byste m\u011bli m\u00edt alespo\u0148 jeden ln\u011bn\u00fd ubrus?\",\"datePublished\":\"2023-04-17T16:42:14+00:00\",\"dateModified\":\"2024-05-15T09:59:05+00:00\",\"mainEntityOfPage\":{\"@id\":\"https:\\\/\\\/lanaja.sk\\\/cs\\\/proc-byste-meli-mit-alespon-jeden-lneny-ubrus\\\/\"},\"wordCount\":946,\"publisher\":{\"@id\":\"https:\\\/\\\/lanaja.sk\\\/cs\\\/#organization\"},\"image\":{\"@id\":\"https:\\\/\\\/lanaja.sk\\\/cs\\\/proc-byste-meli-mit-alespon-jeden-lneny-ubrus\\\/#primaryimage\"},\"thumbnailUrl\":\"https:\\\/\\\/lanaja.sk\\\/wp-content\\\/uploads\\\/2023\\\/04\\\/IMG_1020-scaled.webp\",\"keywords\":[\"Ln\u011bn\u00e9 ubrusy\",\"Slovensk\u00e1 zna\u010dka\"],\"articleSection\":[\"Len\"],\"inLanguage\":\"cs\"},{\"@type\":\"WebPage\",\"@id\":\"https:\\\/\\\/lanaja.sk\\\/cs\\\/proc-byste-meli-mit-alespon-jeden-lneny-ubrus\\\/\",\"url\":\"https:\\\/\\\/lanaja.sk\\\/cs\\\/proc-byste-meli-mit-alespon-jeden-lneny-ubrus\\\/\",\"name\":\"Pro\u010d byste m\u011bli m\u00edt alespo\u0148 jeden ln\u011bn\u00fd ubrus? &#8226; Lanaja-slovensk\u00e1 udr\u017eiteln\u00e1 zna\u010dka a v\u00fdrobce ln\u011bn\u00e9ho textilu\",\"isPartOf\":{\"@id\":\"https:\\\/\\\/lanaja.sk\\\/cs\\\/#website\"},\"primaryImageOfPage\":{\"@id\":\"https:\\\/\\\/lanaja.sk\\\/cs\\\/proc-byste-meli-mit-alespon-jeden-lneny-ubrus\\\/#primaryimage\"},\"image\":{\"@id\":\"https:\\\/\\\/lanaja.sk\\\/cs\\\/proc-byste-meli-mit-alespon-jeden-lneny-ubrus\\\/#primaryimage\"},\"thumbnailUrl\":\"https:\\\/\\\/lanaja.sk\\\/wp-content\\\/uploads\\\/2023\\\/04\\\/IMG_1020-scaled.webp\",\"datePublished\":\"2023-04-17T16:42:14+00:00\",\"dateModified\":\"2024-05-15T09:59:05+00:00\",\"description\":\"Pro\u010d byste m\u011bli m\u00edt alespo\u0148 jeden ln\u011bn\u00fd ubrus? Ln\u011bn\u00e9 ubrusy jsou samy o sob\u011b \\\"um\u011blci\\\", d\u00edky sv\u00e9 p\u0159irozen\u00e9 v\u016fni a struktu\u0159e p\u0159inesou va\u0161emu...\",\"breadcrumb\":{\"@id\":\"https:\\\/\\\/lanaja.sk\\\/cs\\\/proc-byste-meli-mit-alespon-jeden-lneny-ubrus\\\/#breadcrumb\"},\"inLanguage\":\"cs\",\"potentialAction\":[{\"@type\":\"ReadAction\",\"target\":[\"https:\\\/\\\/lanaja.sk\\\/cs\\\/proc-byste-meli-mit-alespon-jeden-lneny-ubrus\\\/\"]}]},{\"@type\":\"ImageObject\",\"inLanguage\":\"cs\",\"@id\":\"https:\\\/\\\/lanaja.sk\\\/cs\\\/proc-byste-meli-mit-alespon-jeden-lneny-ubrus\\\/#primaryimage\",\"url\":\"https:\\\/\\\/lanaja.sk\\\/wp-content\\\/uploads\\\/2023\\\/04\\\/IMG_1020-scaled.webp\",\"contentUrl\":\"https:\\\/\\\/lanaja.sk\\\/wp-content\\\/uploads\\\/2023\\\/04\\\/IMG_1020-scaled.webp\",\"width\":1707,\"height\":2560,\"caption\":\"obrus do jed\u00e1lne\"},{\"@type\":\"BreadcrumbList\",\"@id\":\"https:\\\/\\\/lanaja.sk\\\/cs\\\/proc-byste-meli-mit-alespon-jeden-lneny-ubrus\\\/#breadcrumb\",\"itemListElement\":[{\"@type\":\"ListItem\",\"position\":1,\"name\":\"Home\",\"item\":\"https:\\\/\\\/lanaja.sk\\\/cs\\\/\"},{\"@type\":\"ListItem\",\"position\":2,\"name\":\"Pro\u010d byste m\u011bli m\u00edt alespo\u0148 jeden ln\u011bn\u00fd ubrus?\"}]},{\"@type\":\"WebSite\",\"@id\":\"https:\\\/\\\/lanaja.sk\\\/cs\\\/#website\",\"url\":\"https:\\\/\\\/lanaja.sk\\\/cs\\\/\",\"name\":\"Lanaja - bytov\u00fd textil z \u013eanu a \u013eanov\u00e9 v\u00fdrobky\",\"description\":\"Jedine\u010dn\u00fd bytov\u00fd textil, ln\u011bn\u00e9 pytl\u00edky, ln\u011bn\u00e9 ubrusy, ln\u011bn\u00e9 lo\u017en\u00ed povle\u010den\u00ed, ln\u011bn\u00e9 ut\u011brky, ln\u011bn\u00e9 prost\u00edr\u00e1n\u00ed vyroben\u00e9 a \u0161it\u00e9 na Slovensku\",\"publisher\":{\"@id\":\"https:\\\/\\\/lanaja.sk\\\/cs\\\/#organization\"},\"alternateName\":\"Lanaja - v\u00fdrobky z \u013eanu, \u013eanov\u00fd bytov\u00fd textil\",\"potentialAction\":[{\"@type\":\"SearchAction\",\"target\":{\"@type\":\"EntryPoint\",\"urlTemplate\":\"https:\\\/\\\/lanaja.sk\\\/cs\\\/?s={search_term_string}\"},\"query-input\":{\"@type\":\"PropertyValueSpecification\",\"valueRequired\":true,\"valueName\":\"search_term_string\"}}],\"inLanguage\":\"cs\"},{\"@type\":\"Organization\",\"@id\":\"https:\\\/\\\/lanaja.sk\\\/cs\\\/#organization\",\"name\":\"Lanaja\",\"alternateName\":\"Al\u017ebeta Andr\u00e1\u0161ikov\u00e1 - Lanaja\",\"url\":\"https:\\\/\\\/lanaja.sk\\\/cs\\\/\",\"logo\":{\"@type\":\"ImageObject\",\"inLanguage\":\"cs\",\"@id\":\"https:\\\/\\\/lanaja.sk\\\/cs\\\/#\\\/schema\\\/logo\\\/image\\\/\",\"url\":\"https:\\\/\\\/lanaja.sk\\\/wp-content\\\/uploads\\\/2024\\\/01\\\/Lanaja.sk-logo.png\",\"contentUrl\":\"https:\\\/\\\/lanaja.sk\\\/wp-content\\\/uploads\\\/2024\\\/01\\\/Lanaja.sk-logo.png\",\"width\":600,\"height\":300,\"caption\":\"Lanaja\"},\"image\":{\"@id\":\"https:\\\/\\\/lanaja.sk\\\/cs\\\/#\\\/schema\\\/logo\\\/image\\\/\"},\"sameAs\":[\"https:\\\/\\\/www.facebook.com\\\/Abreadbag\",\"https:\\\/\\\/www.instagram.com\\\/lanaja_sk\\\/\"]},{\"@type\":\"Person\",\"@id\":\"https:\\\/\\\/lanaja.sk\\\/cs\\\/#\\\/schema\\\/person\\\/03b484e8a920977800eb66d001ff7437\",\"name\":\"Al\u017ebeta Andr\u00e1\u0161ikov\u00e1\",\"image\":{\"@type\":\"ImageObject\",\"inLanguage\":\"cs\",\"@id\":\"https:\\\/\\\/secure.gravatar.com\\\/avatar\\\/82259c03c46dc4c5e2c3213c2a75239b3f9f30a170c7e18e1b4ea244fd601f8c?s=96&d=mm&r=g\",\"url\":\"https:\\\/\\\/secure.gravatar.com\\\/avatar\\\/82259c03c46dc4c5e2c3213c2a75239b3f9f30a170c7e18e1b4ea244fd601f8c?s=96&d=mm&r=g\",\"contentUrl\":\"https:\\\/\\\/secure.gravatar.com\\\/avatar\\\/82259c03c46dc4c5e2c3213c2a75239b3f9f30a170c7e18e1b4ea244fd601f8c?s=96&d=mm&r=g\",\"caption\":\"Al\u017ebeta Andr\u00e1\u0161ikov\u00e1\"}}]}<\/script>\n<!-- \/ Yoast SEO plugin. -->","yoast_head_json":{"title":"Pro\u010d byste m\u011bli m\u00edt alespo\u0148 jeden ln\u011bn\u00fd ubrus? &#8226; Lanaja-slovensk\u00e1 udr\u017eiteln\u00e1 zna\u010dka a v\u00fdrobce ln\u011bn\u00e9ho textilu","description":"Pro\u010d byste m\u011bli m\u00edt alespo\u0148 jeden ln\u011bn\u00fd ubrus? Ln\u011bn\u00e9 ubrusy jsou samy o sob\u011b \"um\u011blci\", d\u00edky sv\u00e9 p\u0159irozen\u00e9 v\u016fni a struktu\u0159e p\u0159inesou va\u0161emu...","robots":{"index":"index","follow":"follow","max-snippet":"max-snippet:-1","max-image-preview":"max-image-preview:large","max-video-preview":"max-video-preview:-1"},"canonical":"https:\/\/lanaja.sk\/cs\/proc-byste-meli-mit-alespon-jeden-lneny-ubrus\/","og_locale":"cs_CZ","og_type":"article","og_title":"Pro\u010d byste m\u011bli m\u00edt alespo\u0148 jeden ln\u011bn\u00fd ubrus? &#8226; Lanaja-slovensk\u00e1 udr\u017eiteln\u00e1 zna\u010dka a v\u00fdrobce ln\u011bn\u00e9ho textilu","og_description":"Pro\u010d byste m\u011bli m\u00edt alespo\u0148 jeden ln\u011bn\u00fd ubrus? Ln\u011bn\u00e9 ubrusy jsou samy o sob\u011b \"um\u011blci\", d\u00edky sv\u00e9 p\u0159irozen\u00e9 v\u016fni a struktu\u0159e p\u0159inesou va\u0161emu...","og_url":"https:\/\/lanaja.sk\/cs\/proc-byste-meli-mit-alespon-jeden-lneny-ubrus\/","og_site_name":"Lanaja-slovensk\u00e1 udr\u017eiteln\u00e1 zna\u010dka a v\u00fdrobce ln\u011bn\u00e9ho textilu","article_publisher":"https:\/\/www.facebook.com\/Abreadbag","article_published_time":"2023-04-17T16:42:14+00:00","article_modified_time":"2024-05-15T09:59:05+00:00","og_image":[{"width":1707,"height":2560,"url":"https:\/\/lanaja.sk\/wp-content\/uploads\/2023\/04\/IMG_1020-scaled.webp","type":"image\/jpeg"}],"author":"Al\u017ebeta Andr\u00e1\u0161ikov\u00e1","twitter_card":"summary_large_image","twitter_misc":{"Napsal(a)":"Al\u017ebeta Andr\u00e1\u0161ikov\u00e1","Odhadovan\u00e1 doba \u010dten\u00ed":"5 minut"},"schema":{"@context":"https:\/\/schema.org","@graph":[{"@type":"Article","@id":"https:\/\/lanaja.sk\/cs\/proc-byste-meli-mit-alespon-jeden-lneny-ubrus\/#article","isPartOf":{"@id":"https:\/\/lanaja.sk\/cs\/proc-byste-meli-mit-alespon-jeden-lneny-ubrus\/"},"author":{"name":"Al\u017ebeta Andr\u00e1\u0161ikov\u00e1","@id":"https:\/\/lanaja.sk\/cs\/#\/schema\/person\/03b484e8a920977800eb66d001ff7437"},"headline":"Pro\u010d byste m\u011bli m\u00edt alespo\u0148 jeden ln\u011bn\u00fd ubrus?","datePublished":"2023-04-17T16:42:14+00:00","dateModified":"2024-05-15T09:59:05+00:00","mainEntityOfPage":{"@id":"https:\/\/lanaja.sk\/cs\/proc-byste-meli-mit-alespon-jeden-lneny-ubrus\/"},"wordCount":946,"publisher":{"@id":"https:\/\/lanaja.sk\/cs\/#organization"},"image":{"@id":"https:\/\/lanaja.sk\/cs\/proc-byste-meli-mit-alespon-jeden-lneny-ubrus\/#primaryimage"},"thumbnailUrl":"https:\/\/lanaja.sk\/wp-content\/uploads\/2023\/04\/IMG_1020-scaled.webp","keywords":["Ln\u011bn\u00e9 ubrusy","Slovensk\u00e1 zna\u010dka"],"articleSection":["Len"],"inLanguage":"cs"},{"@type":"WebPage","@id":"https:\/\/lanaja.sk\/cs\/proc-byste-meli-mit-alespon-jeden-lneny-ubrus\/","url":"https:\/\/lanaja.sk\/cs\/proc-byste-meli-mit-alespon-jeden-lneny-ubrus\/","name":"Pro\u010d byste m\u011bli m\u00edt alespo\u0148 jeden ln\u011bn\u00fd ubrus? &#8226; Lanaja-slovensk\u00e1 udr\u017eiteln\u00e1 zna\u010dka a v\u00fdrobce ln\u011bn\u00e9ho textilu","isPartOf":{"@id":"https:\/\/lanaja.sk\/cs\/#website"},"primaryImageOfPage":{"@id":"https:\/\/lanaja.sk\/cs\/proc-byste-meli-mit-alespon-jeden-lneny-ubrus\/#primaryimage"},"image":{"@id":"https:\/\/lanaja.sk\/cs\/proc-byste-meli-mit-alespon-jeden-lneny-ubrus\/#primaryimage"},"thumbnailUrl":"https:\/\/lanaja.sk\/wp-content\/uploads\/2023\/04\/IMG_1020-scaled.webp","datePublished":"2023-04-17T16:42:14+00:00","dateModified":"2024-05-15T09:59:05+00:00","description":"Pro\u010d byste m\u011bli m\u00edt alespo\u0148 jeden ln\u011bn\u00fd ubrus? Ln\u011bn\u00e9 ubrusy jsou samy o sob\u011b \"um\u011blci\", d\u00edky sv\u00e9 p\u0159irozen\u00e9 v\u016fni a struktu\u0159e p\u0159inesou va\u0161emu...","breadcrumb":{"@id":"https:\/\/lanaja.sk\/cs\/proc-byste-meli-mit-alespon-jeden-lneny-ubrus\/#breadcrumb"},"inLanguage":"cs","potentialAction":[{"@type":"ReadAction","target":["https:\/\/lanaja.sk\/cs\/proc-byste-meli-mit-alespon-jeden-lneny-ubrus\/"]}]},{"@type":"ImageObject","inLanguage":"cs","@id":"https:\/\/lanaja.sk\/cs\/proc-byste-meli-mit-alespon-jeden-lneny-ubrus\/#primaryimage","url":"https:\/\/lanaja.sk\/wp-content\/uploads\/2023\/04\/IMG_1020-scaled.webp","contentUrl":"https:\/\/lanaja.sk\/wp-content\/uploads\/2023\/04\/IMG_1020-scaled.webp","width":1707,"height":2560,"caption":"obrus do jed\u00e1lne"},{"@type":"BreadcrumbList","@id":"https:\/\/lanaja.sk\/cs\/proc-byste-meli-mit-alespon-jeden-lneny-ubrus\/#breadcrumb","itemListElement":[{"@type":"ListItem","position":1,"name":"Home","item":"https:\/\/lanaja.sk\/cs\/"},{"@type":"ListItem","position":2,"name":"Pro\u010d byste m\u011bli m\u00edt alespo\u0148 jeden ln\u011bn\u00fd ubrus?"}]},{"@type":"WebSite","@id":"https:\/\/lanaja.sk\/cs\/#website","url":"https:\/\/lanaja.sk\/cs\/","name":"Lanaja - bytov\u00fd textil z \u013eanu a \u013eanov\u00e9 v\u00fdrobky","description":"Jedine\u010dn\u00fd bytov\u00fd textil, ln\u011bn\u00e9 pytl\u00edky, ln\u011bn\u00e9 ubrusy, ln\u011bn\u00e9 lo\u017en\u00ed povle\u010den\u00ed, ln\u011bn\u00e9 ut\u011brky, ln\u011bn\u00e9 prost\u00edr\u00e1n\u00ed vyroben\u00e9 a \u0161it\u00e9 na Slovensku","publisher":{"@id":"https:\/\/lanaja.sk\/cs\/#organization"},"alternateName":"Lanaja - v\u00fdrobky z \u013eanu, \u013eanov\u00fd bytov\u00fd textil","potentialAction":[{"@type":"SearchAction","target":{"@type":"EntryPoint","urlTemplate":"https:\/\/lanaja.sk\/cs\/?s={search_term_string}"},"query-input":{"@type":"PropertyValueSpecification","valueRequired":true,"valueName":"search_term_string"}}],"inLanguage":"cs"},{"@type":"Organization","@id":"https:\/\/lanaja.sk\/cs\/#organization","name":"Lanaja","alternateName":"Al\u017ebeta Andr\u00e1\u0161ikov\u00e1 - Lanaja","url":"https:\/\/lanaja.sk\/cs\/","logo":{"@type":"ImageObject","inLanguage":"cs","@id":"https:\/\/lanaja.sk\/cs\/#\/schema\/logo\/image\/","url":"https:\/\/lanaja.sk\/wp-content\/uploads\/2024\/01\/Lanaja.sk-logo.png","contentUrl":"https:\/\/lanaja.sk\/wp-content\/uploads\/2024\/01\/Lanaja.sk-logo.png","width":600,"height":300,"caption":"Lanaja"},"image":{"@id":"https:\/\/lanaja.sk\/cs\/#\/schema\/logo\/image\/"},"sameAs":["https:\/\/www.facebook.com\/Abreadbag","https:\/\/www.instagram.com\/lanaja_sk\/"]},{"@type":"Person","@id":"https:\/\/lanaja.sk\/cs\/#\/schema\/person\/03b484e8a920977800eb66d001ff7437","name":"Al\u017ebeta Andr\u00e1\u0161ikov\u00e1","image":{"@type":"ImageObject","inLanguage":"cs","@id":"https:\/\/secure.gravatar.com\/avatar\/82259c03c46dc4c5e2c3213c2a75239b3f9f30a170c7e18e1b4ea244fd601f8c?s=96&d=mm&r=g","url":"https:\/\/secure.gravatar.com\/avatar\/82259c03c46dc4c5e2c3213c2a75239b3f9f30a170c7e18e1b4ea244fd601f8c?s=96&d=mm&r=g","contentUrl":"https:\/\/secure.gravatar.com\/avatar\/82259c03c46dc4c5e2c3213c2a75239b3f9f30a170c7e18e1b4ea244fd601f8c?s=96&d=mm&r=g","caption":"Al\u017ebeta Andr\u00e1\u0161ikov\u00e1"}}]}},"_links":{"self":[{"href":"https:\/\/lanaja.sk\/cs\/wp-json\/wp\/v2\/posts\/12985","targetHints":{"allow":["GET"]}}],"collection":[{"href":"https:\/\/lanaja.sk\/cs\/wp-json\/wp\/v2\/posts"}],"about":[{"href":"https:\/\/lanaja.sk\/cs\/wp-json\/wp\/v2\/types\/post"}],"author":[{"embeddable":true,"href":"https:\/\/lanaja.sk\/cs\/wp-json\/wp\/v2\/users\/2"}],"replies":[{"embeddable":true,"href":"https:\/\/lanaja.sk\/cs\/wp-json\/wp\/v2\/comments?post=12985"}],"version-history":[{"count":1,"href":"https:\/\/lanaja.sk\/cs\/wp-json\/wp\/v2\/posts\/12985\/revisions"}],"predecessor-version":[{"id":12994,"href":"https:\/\/lanaja.sk\/cs\/wp-json\/wp\/v2\/posts\/12985\/revisions\/12994"}],"wp:featuredmedia":[{"embeddable":true,"href":"https:\/\/lanaja.sk\/cs\/wp-json\/wp\/v2\/media\/8017"}],"wp:attachment":[{"href":"https:\/\/lanaja.sk\/cs\/wp-json\/wp\/v2\/media?parent=12985"}],"wp:term":[{"taxonomy":"category","embeddable":true,"href":"https:\/\/lanaja.sk\/cs\/wp-json\/wp\/v2\/categories?post=12985"},{"taxonomy":"post_tag","embeddable":true,"href":"https:\/\/lanaja.sk\/cs\/wp-json\/wp\/v2\/tags?post=12985"}],"curies":[{"name":"wp","href":"https:\/\/api.w.org\/{rel}","templated":true}]}}