{"id":13032,"date":"2023-04-26T10:50:45","date_gmt":"2023-04-26T08:50:45","guid":{"rendered":"https:\/\/lanaja.sk\/v-neznem-objeti-slunecnich-paprsku\/"},"modified":"2024-06-02T17:12:11","modified_gmt":"2024-06-02T15:12:11","slug":"v-neznem-objeti-slunecnich-paprsku","status":"publish","type":"post","link":"https:\/\/lanaja.sk\/cs\/v-neznem-objeti-slunecnich-paprsku\/","title":{"rendered":"V n\u011b\u017en\u00e9m objet\u00ed slune\u010dn\u00edch paprsk\u016f"},"content":{"rendered":"\t\t<div data-elementor-type=\"wp-post\" data-elementor-id=\"13032\" class=\"elementor elementor-13032 elementor-8134\" data-elementor-post-type=\"post\">\n\t\t\t\t<div class=\"elementor-element elementor-element-398f8e2 e-flex e-con-boxed e-con e-parent\" data-id=\"398f8e2\" data-element_type=\"container\" data-e-type=\"container\">\n\t\t\t\t\t<div class=\"e-con-inner\">\n\t\t\t\t<div class=\"elementor-element elementor-element-58ac600 elementor-widget elementor-widget-heading\" data-id=\"58ac600\" data-element_type=\"widget\" data-e-type=\"widget\" data-widget_type=\"heading.default\">\n\t\t\t\t<div class=\"elementor-widget-container\">\n\t\t\t\t\t<h2 class=\"elementor-heading-title elementor-size-default\">\u017dlut\u00e9 ln\u011bn\u00e9 povle\u010den\u00ed Kate\u0159ina<\/h2>\t\t\t\t<\/div>\n\t\t\t\t<\/div>\n\t\t\t\t\t<\/div>\n\t\t\t\t<\/div>\n\t\t<div class=\"elementor-element elementor-element-74bc957 e-flex e-con-boxed e-con e-parent\" data-id=\"74bc957\" data-element_type=\"container\" data-e-type=\"container\">\n\t\t\t\t\t<div class=\"e-con-inner\">\n\t\t<div class=\"elementor-element elementor-element-18d308b e-con-full e-flex e-con e-child\" data-id=\"18d308b\" data-element_type=\"container\" data-e-type=\"container\">\n\t\t\t\t<div class=\"elementor-element elementor-element-9766ade elementor-widget elementor-widget-image\" data-id=\"9766ade\" data-element_type=\"widget\" data-e-type=\"widget\" data-widget_type=\"image.default\">\n\t\t\t\t<div class=\"elementor-widget-container\">\n\t\t\t\t\t\t\t\t\t\t\t\t\t\t\t\t<a href=\"https:\/\/lanaja.sk\/obchod\/lanove-obliecky\/lanove-obliecky-katarina\/?swcfpc=1\" target=\"_blank\" anov=\"\">\n\t\t\t\t\t\t\t<img fetchpriority=\"high\" decoding=\"async\" width=\"768\" height=\"1024\" src=\"https:\/\/lanaja.sk\/wp-content\/uploads\/2023\/04\/lanove-obliecky-Katarina1-768x1024.webp\" class=\"attachment-large size-large wp-image-8137\" alt=\"zlte lanove obliecky\" srcset=\"https:\/\/lanaja.sk\/wp-content\/uploads\/2023\/04\/lanove-obliecky-Katarina1-768x1024.webp 768w, https:\/\/lanaja.sk\/wp-content\/uploads\/2023\/04\/lanove-obliecky-Katarina1-jpg-e1682499519375-800x1067.webp 800w, https:\/\/lanaja.sk\/wp-content\/uploads\/2023\/04\/lanove-obliecky-Katarina1-225x300.webp 225w, https:\/\/lanaja.sk\/wp-content\/uploads\/2023\/04\/lanove-obliecky-Katarina1-1152x1536.webp 1152w, https:\/\/lanaja.sk\/wp-content\/uploads\/2023\/04\/lanove-obliecky-Katarina1-jpg-e1682499519375.webp 1350w\" sizes=\"(max-width: 768px) 100vw, 768px\" \/>\t\t\t\t\t\t\t\t<\/a>\n\t\t\t\t\t\t\t\t\t\t\t\t\t\t\t<\/div>\n\t\t\t\t<\/div>\n\t\t\t\t<\/div>\n\t\t<div class=\"elementor-element elementor-element-5a45ae6 e-con-full e-flex e-con e-child\" data-id=\"5a45ae6\" data-element_type=\"container\" data-e-type=\"container\">\n\t\t\t\t<div class=\"elementor-element elementor-element-c7ef8bc elementor-widget elementor-widget-text-editor\" data-id=\"c7ef8bc\" data-element_type=\"widget\" data-e-type=\"widget\" data-widget_type=\"text-editor.default\">\n\t\t\t\t<div class=\"elementor-widget-container\">\n\t\t\t\t\t\t\t\t\t<p>Jarn\u00ed slunce n\u00e1m sv\u00fdm h\u0159ejiv\u00fdm sv\u011btlem rozjas\u0148uje krajinu. Toto teplo a slune\u010dn\u00ed svit jsou zachyceny ve \u017elut\u00e9m ln\u011bn\u00e9m povle\u010den\u00ed Kate\u0159ina, \u0161it\u00e9m s l\u00e1skou a zru\u010dnost\u00ed, p\u0159\u00edmo v na\u0161\u00ed d\u00edln\u011b v Lanaji.<\/p>\n<p>\u017dlut\u00e1 barva lnu je jako slune\u010dn\u00ed paprsek, je to barva radosti, energie a nov\u00e9ho za\u010d\u00e1tku. Ln\u011bn\u00e1 tkanina je jemn\u00e1, ale z\u00e1rove\u0148 pevn\u00e1, s p\u0159irozenou strukturou. Vzor ln\u011bn\u00fdch prost\u011bradel je minilistick\u00fd, jednoduch\u00fd a nese v sob\u011b p\u0159\u00edb\u011bh \u017eivota.  <\/p>\n<p>Ln\u011bn\u00e1 tkanina je vyrobena z \u010dist\u00e9ho certifikovan\u00e9ho lnu p\u011bstovan\u00e9ho v Pobalt\u00ed, bez pou\u017eit\u00ed chemik\u00e1li\u00ed a s ohledem na \u017eivotn\u00ed prost\u0159ed\u00ed. Je projevem odpov\u011bdn\u00e9ho p\u0159\u00edstupu k p\u0159\u00edrod\u011b a udr\u017eiteln\u00e9ho \u017eivotn\u00edho stylu.<\/p>\n<p>Toto \u017elut\u00e9 ln\u011bn\u00e9 povle\u010den\u00ed Kate\u0159ina je v\u00edc ne\u017e jen kus l\u00e1tky, snoub\u00ed se v nich tradice s modern\u00edm sv\u011btem a ekologickou odpov\u011bdnost\u00ed. S na\u0161\u00ed zru\u010dnost\u00ed a l\u00e1skou k na\u0161\u00ed pr\u00e1ci d\u00e1v\u00e1me t\u011bmto list\u016fm du\u0161i a charakter.<br \/>Kdy\u017e se dotknete \u017elut\u00e9ho ln\u011bn\u00e9ho povle\u010den\u00ed, c\u00edt\u00edte teplo slunce, v\u016fni p\u0159\u00edrody a touhu \u017e\u00edt v souladu s n\u00ed. Jsou to prost\u011bradla, kter\u00e1 do va\u0161eho domova vnesou kousek p\u0159\u00edrody a pozitivn\u00ed energii.<\/p>\n\t\t\t\t\t\t\t\t<\/div>\n\t\t\t\t<\/div>\n\t\t\t\t<\/div>\n\t\t\t\t\t<\/div>\n\t\t\t\t<\/div>\n\t\t<div class=\"elementor-element elementor-element-42b3d46 e-flex e-con-boxed e-con e-parent\" data-id=\"42b3d46\" data-element_type=\"container\" data-e-type=\"container\">\n\t\t\t\t\t<div class=\"e-con-inner\">\n\t\t\t\t<div class=\"elementor-element elementor-element-60603d2 elementor-widget-divider--view-line elementor-widget elementor-widget-divider\" data-id=\"60603d2\" data-element_type=\"widget\" data-e-type=\"widget\" data-widget_type=\"divider.default\">\n\t\t\t\t<div class=\"elementor-widget-container\">\n\t\t\t\t\t\t\t<div class=\"elementor-divider\">\n\t\t\t<span class=\"elementor-divider-separator\">\n\t\t\t\t\t\t<\/span>\n\t\t<\/div>\n\t\t\t\t\t\t<\/div>\n\t\t\t\t<\/div>\n\t\t\t\t\t<\/div>\n\t\t\t\t<\/div>\n\t\t<div class=\"elementor-element elementor-element-0c71445 e-flex e-con-boxed e-con e-parent\" data-id=\"0c71445\" data-element_type=\"container\" data-e-type=\"container\">\n\t\t\t\t\t<div class=\"e-con-inner\">\n\t\t<div class=\"elementor-element elementor-element-e697891 e-con-full e-flex e-con e-child\" data-id=\"e697891\" data-element_type=\"container\" data-e-type=\"container\">\n\t\t\t\t<div class=\"elementor-element elementor-element-4b84438 elementor-widget elementor-widget-image\" data-id=\"4b84438\" data-element_type=\"widget\" data-e-type=\"widget\" data-widget_type=\"image.default\">\n\t\t\t\t<div class=\"elementor-widget-container\">\n\t\t\t\t\t\t\t\t\t\t\t\t\t\t\t\t<a href=\"https:\/\/lanaja.sk\/obchod\/lanove-obliecky\/lanove-obliecky-katarina\/?swcfpc=1\" target=\"_blank\" lanove=\"\">\n\t\t\t\t\t\t\t<img decoding=\"async\" width=\"768\" height=\"1024\" src=\"https:\/\/lanaja.sk\/wp-content\/uploads\/2023\/04\/lanove-obliecky-Katarina2-768x1024.webp\" class=\"attachment-large size-large wp-image-8139\" alt=\"\u013eanov\u00e9 oblie\u010dky\" srcset=\"https:\/\/lanaja.sk\/wp-content\/uploads\/2023\/04\/lanove-obliecky-Katarina2-768x1024.webp 768w, https:\/\/lanaja.sk\/wp-content\/uploads\/2023\/04\/lanove-obliecky-Katarina2-jpg-e1682499722881-800x1067.webp 800w, https:\/\/lanaja.sk\/wp-content\/uploads\/2023\/04\/lanove-obliecky-Katarina2-225x300.webp 225w, https:\/\/lanaja.sk\/wp-content\/uploads\/2023\/04\/lanove-obliecky-Katarina2-1152x1536.webp 1152w, https:\/\/lanaja.sk\/wp-content\/uploads\/2023\/04\/lanove-obliecky-Katarina2-jpg-e1682499722881.webp 1350w\" sizes=\"(max-width: 768px) 100vw, 768px\" \/>\t\t\t\t\t\t\t\t<\/a>\n\t\t\t\t\t\t\t\t\t\t\t\t\t\t\t<\/div>\n\t\t\t\t<\/div>\n\t\t\t\t<\/div>\n\t\t<div class=\"elementor-element elementor-element-2c74b38 e-con-full e-flex e-con e-child\" data-id=\"2c74b38\" data-element_type=\"container\" data-e-type=\"container\">\n\t\t\t\t<div class=\"elementor-element elementor-element-59ee3ff elementor-widget elementor-widget-text-editor\" data-id=\"59ee3ff\" data-element_type=\"widget\" data-e-type=\"widget\" data-widget_type=\"text-editor.default\">\n\t\t\t\t<div class=\"elementor-widget-container\">\n\t\t\t\t\t\t\t\t\t<p><strong>Pro\u010d si vybrat ln\u011bn\u00e9 povle\u010den\u00ed na m\u00edru v m\u00edstn\u00ed slovensk\u00e9 d\u00edln\u011b?<\/strong><\/p>\n<p>1. Kvalita a tradice:<br \/>Na\u0161e d\u00edlna a zna\u010dka Lanaja se zam\u011b\u0159uje na kvalitn\u00ed a tradi\u010dn\u00ed \u0159emeslo, kter\u00e9 se p\u0159ed\u00e1v\u00e1 z generace na generaci. Lo\u017en\u00ed pr\u00e1dlo na m\u00edru je vyr\u00e1b\u011bno na m\u00edru s d\u016frazem na detail, za pou\u017eit\u00ed kvalitn\u00edch materi\u00e1l\u016f a technik, co\u017e zaru\u010duje jeho dlouhou \u017eivotnost a vysokou kvalitu.<\/p>\n<p>2. Jedine\u010dn\u00fd design:<br \/>Minimalistick\u00fd a origin\u00e1ln\u00ed design, kter\u00fd je inspirov\u00e1n kulturou, p\u0159\u00edrodou a tradicemi. Ln\u011bn\u00e1 prost\u011bradla na m\u00edru mohou b\u00fdt tak jedine\u010dn\u00e1 a v\u00fdjime\u010dn\u00e1, \u017ee budou m\u00edt origin\u00e1ln\u00ed kousek, kter\u00fd v b\u011b\u017en\u00fdch obchodech nenajdete.<br \/>\u010casto se jedn\u00e1 o limitovan\u00e9 edice, nebo dokonce jen o n\u011bkolik unik\u00e1tn\u00edch kousk\u016f.<\/p>\n\t\t\t\t\t\t\t\t<\/div>\n\t\t\t\t<\/div>\n\t\t\t\t<\/div>\n\t\t\t\t\t<\/div>\n\t\t\t\t<\/div>\n\t\t<div class=\"elementor-element elementor-element-613f6f9 e-flex e-con-boxed e-con e-parent\" data-id=\"613f6f9\" data-element_type=\"container\" data-e-type=\"container\">\n\t\t\t\t\t<div class=\"e-con-inner\">\n\t\t\t\t<div class=\"elementor-element elementor-element-e87b5b1 elementor-widget-divider--view-line elementor-widget elementor-widget-divider\" data-id=\"e87b5b1\" data-element_type=\"widget\" data-e-type=\"widget\" data-widget_type=\"divider.default\">\n\t\t\t\t<div class=\"elementor-widget-container\">\n\t\t\t\t\t\t\t<div class=\"elementor-divider\">\n\t\t\t<span class=\"elementor-divider-separator\">\n\t\t\t\t\t\t<\/span>\n\t\t<\/div>\n\t\t\t\t\t\t<\/div>\n\t\t\t\t<\/div>\n\t\t\t\t\t<\/div>\n\t\t\t\t<\/div>\n\t\t<div class=\"elementor-element elementor-element-3bddd76 e-flex e-con-boxed e-con e-parent\" data-id=\"3bddd76\" data-element_type=\"container\" data-e-type=\"container\">\n\t\t\t\t\t<div class=\"e-con-inner\">\n\t\t<div class=\"elementor-element elementor-element-5a5a691 e-con-full e-flex e-con e-child\" data-id=\"5a5a691\" data-element_type=\"container\" data-e-type=\"container\">\n\t\t\t\t<div class=\"elementor-element elementor-element-67beced elementor-widget elementor-widget-image\" data-id=\"67beced\" data-element_type=\"widget\" data-e-type=\"widget\" data-widget_type=\"image.default\">\n\t\t\t\t<div class=\"elementor-widget-container\">\n\t\t\t\t\t\t\t\t\t\t\t\t\t\t\t\t<a href=\"https:\/\/lanaja.sk\/obchod\/lanove-obliecky\/lanove-obliecky-katarina\/?swcfpc=1\" target=\"_blank\" lanov=\"\">\n\t\t\t\t\t\t\t<img decoding=\"async\" width=\"768\" height=\"1024\" src=\"https:\/\/lanaja.sk\/wp-content\/uploads\/2023\/04\/lanove-obliecky-Katarina-768x1024.webp\" class=\"attachment-large size-large wp-image-8143\" alt=\"\u013eanov\u00e9 oblie\u010dky\" srcset=\"https:\/\/lanaja.sk\/wp-content\/uploads\/2023\/04\/lanove-obliecky-Katarina-768x1024.webp 768w, https:\/\/lanaja.sk\/wp-content\/uploads\/2023\/04\/lanove-obliecky-Katarina-jpg-800x1067.webp 800w, https:\/\/lanaja.sk\/wp-content\/uploads\/2023\/04\/lanove-obliecky-Katarina-225x300.webp 225w, https:\/\/lanaja.sk\/wp-content\/uploads\/2023\/04\/lanove-obliecky-Katarina-jpg.webp 1125w\" sizes=\"(max-width: 768px) 100vw, 768px\" \/>\t\t\t\t\t\t\t\t<\/a>\n\t\t\t\t\t\t\t\t\t\t\t\t\t\t\t<\/div>\n\t\t\t\t<\/div>\n\t\t\t\t<\/div>\n\t\t<div class=\"elementor-element elementor-element-37a280a e-con-full e-flex e-con e-child\" data-id=\"37a280a\" data-element_type=\"container\" data-e-type=\"container\">\n\t\t\t\t<div class=\"elementor-element elementor-element-44e4aa5 elementor-widget elementor-widget-text-editor\" data-id=\"44e4aa5\" data-element_type=\"widget\" data-e-type=\"widget\" data-widget_type=\"text-editor.default\">\n\t\t\t\t<div class=\"elementor-widget-container\">\n\t\t\t\t\t\t\t\t\t<\/p>\n<p>3. Individu\u00e1ln\u00ed p\u0159\u00edstup:<br \/>Osobn\u00ed p\u0159\u00edstup a mo\u017enost spolupr\u00e1ce na vytvo\u0159en\u00ed povle\u010den\u00ed p\u0159esn\u011b podle Va\u0161ich p\u0159edstav. Spole\u010dn\u011b probereme v\u0161echny va\u0161e po\u017eadavky, v\u00fdb\u011br materi\u00e1lu, v\u00e1hu, barvy, rozm\u011bry.<\/p>\n<p>4. Udr\u017eitelnost:<br \/>Len je p\u0159\u00edrodn\u00ed materi\u00e1l, kter\u00fd je \u0161etrn\u00fd k \u017eivotn\u00edmu prost\u0159ed\u00ed. V\u00fdb\u011brem ln\u011bn\u00fdch prost\u011bradel na m\u00edru od m\u00edstn\u00ed zna\u010dky, design\u00e9ra, p\u0159isp\u00edv\u00e1te k udr\u017eiteln\u00e9mu zp\u016fsobu nakupov\u00e1n\u00ed a sni\u017eujete svou ekologickou stopu.<\/p>\n<p>5. M\u00edstn\u00ed podpora:<br \/>Podporou a n\u00e1kupem lok\u00e1ln\u00edch slovensk\u00fdch produkt\u016f p\u0159isp\u00edv\u00e1me k ekonomicky udr\u017eiteln\u00e9mu rozvoji komunity. Podporou m\u00edstn\u00edch \u0159emesln\u00edk\u016f a design\u00e9r\u016f tak\u00e9 p\u0159isp\u00edv\u00e1me k zachov\u00e1n\u00ed tradi\u010dn\u00edch \u0159emesln\u00fdch dovednost\u00ed a kulturn\u00edch hodnot.<br \/>T\u00edmto zp\u016fsobem m\u016f\u017eeme propagovat a \u0161\u00ed\u0159it bytov\u00fd design .<\/p>\n\t\t\t\t\t\t\t\t<\/div>\n\t\t\t\t<\/div>\n\t\t\t\t<\/div>\n\t\t\t\t\t<\/div>\n\t\t\t\t<\/div>\n\t\t<div class=\"elementor-element elementor-element-9a232cb e-flex e-con-boxed e-con e-parent\" data-id=\"9a232cb\" data-element_type=\"container\" data-e-type=\"container\">\n\t\t\t\t\t<div class=\"e-con-inner\">\n\t\t\t\t<div class=\"elementor-element elementor-element-af54396 elementor-widget-divider--view-line elementor-widget elementor-widget-divider\" data-id=\"af54396\" data-element_type=\"widget\" data-e-type=\"widget\" data-widget_type=\"divider.default\">\n\t\t\t\t<div class=\"elementor-widget-container\">\n\t\t\t\t\t\t\t<div class=\"elementor-divider\">\n\t\t\t<span class=\"elementor-divider-separator\">\n\t\t\t\t\t\t<\/span>\n\t\t<\/div>\n\t\t\t\t\t\t<\/div>\n\t\t\t\t<\/div>\n\t\t\t\t\t<\/div>\n\t\t\t\t<\/div>\n\t\t<div class=\"elementor-element elementor-element-cea9e5f e-flex e-con-boxed e-con e-parent\" data-id=\"cea9e5f\" data-element_type=\"container\" data-e-type=\"container\">\n\t\t\t\t\t<div class=\"e-con-inner\">\n\t\t<div class=\"elementor-element elementor-element-86fabdc e-con-full e-flex e-con e-child\" data-id=\"86fabdc\" data-element_type=\"container\" data-e-type=\"container\">\n\t\t\t\t<div class=\"elementor-element elementor-element-508d5af elementor-widget elementor-widget-image\" data-id=\"508d5af\" data-element_type=\"widget\" data-e-type=\"widget\" data-widget_type=\"image.default\">\n\t\t\t\t<div class=\"elementor-widget-container\">\n\t\t\t\t\t\t\t\t\t\t\t\t\t\t\t\t<a href=\"https:\/\/lanaja.sk\/obchod\/lanove-obliecky\/lanove-obliecky-katarina\/?swcfpc=1\" target=\"_blank\" slovensk=\"\">\n\t\t\t\t\t\t\t<img loading=\"lazy\" decoding=\"async\" width=\"657\" height=\"850\" src=\"https:\/\/lanaja.sk\/wp-content\/uploads\/2020\/11\/lanove-obliecky15-e1604261752956-jpg.webp\" class=\"attachment-large size-large wp-image-6973\" alt=\"\" srcset=\"https:\/\/lanaja.sk\/wp-content\/uploads\/2020\/11\/lanove-obliecky15-e1604261752956-jpg.webp 657w, https:\/\/lanaja.sk\/wp-content\/uploads\/2020\/11\/lanove-obliecky15-e1604261752956-jpg-300x388.webp 300w, https:\/\/lanaja.sk\/wp-content\/uploads\/2020\/11\/lanove-obliecky15-e1604261752956-232x300.webp 232w, https:\/\/lanaja.sk\/wp-content\/uploads\/2020\/11\/lanove-obliecky15-e1604261752956-500x647.jpg 500w\" sizes=\"(max-width: 657px) 100vw, 657px\" \/>\t\t\t\t\t\t\t\t<\/a>\n\t\t\t\t\t\t\t\t\t\t\t\t\t\t\t<\/div>\n\t\t\t\t<\/div>\n\t\t\t\t<\/div>\n\t\t<div class=\"elementor-element elementor-element-2f871cc e-con-full e-flex e-con e-child\" data-id=\"2f871cc\" data-element_type=\"container\" data-e-type=\"container\">\n\t\t\t\t<div class=\"elementor-element elementor-element-7096d0b elementor-widget elementor-widget-text-editor\" data-id=\"7096d0b\" data-element_type=\"widget\" data-e-type=\"widget\" data-widget_type=\"text-editor.default\">\n\t\t\t\t<div class=\"elementor-widget-container\">\n\t\t\t\t\t\t\t\t\t<\/p>\n<p>Ln\u011bn\u00e1 prost\u011bradla \u0161it\u00e1 s l\u00e1skou a p\u00e9\u010d\u00ed vytv\u00e1\u0159ej\u00ed a n\u00e1sob\u00ed harmonii mezi \u010dlov\u011bkem a p\u0159\u00edrodou. N\u00e1\u0161 jednoduch\u00fd design ln\u011bn\u00e9ho potahu zd\u016fraz\u0148uje p\u0159irozenou kr\u00e1su lnu. Mal\u00e9 pro\u0161\u00edvan\u00e9 a roubovan\u00e9 detaily ilustruj\u00ed ru\u010dn\u00ed pr\u00e1ci a \u0159emeslnou zru\u010dnost. Jejich jedine\u010dn\u00e1 struktura d\u00e1v\u00e1 jasn\u011b najevo, \u017ee jsou na\u017eivu, ano, maj\u00ed sv\u016fj vlastn\u00ed p\u0159\u00edb\u011bh.<\/p>\n<p>Ln\u011bn\u00e1 prost\u011bradla jsou symbolem udr\u017eiteln\u00e9ho \u017eivotn\u00edho stylu. Jejich v\u00fdroba se prol\u00edn\u00e1 s tradic\u00ed a uct\u00edv\u00e1n\u00edm p\u0159\u00edrody, co\u017e dod\u00e1v\u00e1 prost\u011bradl\u016fm magickou energii.<\/p>\n<p>Dotek ln\u011bn\u00fdch prost\u011bradel je jako dotek samotn\u00e9 p\u0159\u00edrody. Jsou jemn\u00e9 a siln\u00e9 z\u00e1rove\u0148, odr\u00e1\u017eej\u00ed du\u0161evn\u00ed s\u00edlu \u010dlov\u011bka, kter\u00fd si je vybral. Jsou sv\u011bdky harmonie mezi \u010dlov\u011bkem a p\u0159\u00edrodou a nesou v sob\u011b p\u0159\u00edb\u011bh l\u00e1sky k p\u0159\u00edrod\u011b a stesku po domov\u011b.<\/p>\n<p>V\u011b\u0159\u00edme, \u017ee pr\u00e1v\u011b tento ln\u011bn\u00fd povle\u010den\u00ed v\u00e1m p\u0159inese p\u0159esn\u011b tento pocit hned po otev\u0159en\u00ed bal\u00ed\u010dku.<br \/>Z cel\u00e9ho srdce d\u011bkujeme za v\u0161echny Va\u0161e objedn\u00e1vky, \u017ee se na n\u00e1s i po letech op\u011bt s d\u016fv\u011brou obrac\u00edte, je to pro n\u00e1s ten nejlep\u0161\u00ed a nejkr\u00e1sn\u011bj\u0161\u00ed pocit a z\u00e1rove\u0148 nejv\u011bt\u0161\u00ed odm\u011bna.<\/p>\n\t\t\t\t\t\t\t\t<\/div>\n\t\t\t\t<\/div>\n\t\t\t\t<\/div>\n\t\t\t\t\t<\/div>\n\t\t\t\t<\/div>\n\t\t<div class=\"elementor-element elementor-element-16c2fdd e-flex e-con-boxed e-con e-parent\" data-id=\"16c2fdd\" data-element_type=\"container\" data-e-type=\"container\">\n\t\t\t\t\t<div class=\"e-con-inner\">\n\t\t\t\t<div class=\"elementor-element elementor-element-5861798 elementor-widget-divider--view-line elementor-widget elementor-widget-divider\" data-id=\"5861798\" data-element_type=\"widget\" data-e-type=\"widget\" data-widget_type=\"divider.default\">\n\t\t\t\t<div class=\"elementor-widget-container\">\n\t\t\t\t\t\t\t<div class=\"elementor-divider\">\n\t\t\t<span class=\"elementor-divider-separator\">\n\t\t\t\t\t\t<\/span>\n\t\t<\/div>\n\t\t\t\t\t\t<\/div>\n\t\t\t\t<\/div>\n\t\t\t\t\t<\/div>\n\t\t\t\t<\/div>\n\t\t<div class=\"elementor-element elementor-element-8417939 e-flex e-con-boxed e-con e-parent\" data-id=\"8417939\" data-element_type=\"container\" data-e-type=\"container\">\n\t\t\t\t\t<div class=\"e-con-inner\">\n\t\t<div class=\"elementor-element elementor-element-628dcb7 e-con-full e-flex e-con e-child\" data-id=\"628dcb7\" data-element_type=\"container\" data-e-type=\"container\">\n\t\t\t\t<div class=\"elementor-element elementor-element-4f619ee elementor-widget elementor-widget-image\" data-id=\"4f619ee\" data-element_type=\"widget\" data-e-type=\"widget\" data-widget_type=\"image.default\">\n\t\t\t\t<div class=\"elementor-widget-container\">\n\t\t\t\t\t\t\t\t\t\t\t\t\t\t\t\t<a href=\"https:\/\/lanaja.sk\/obchod\/lanove-obliecky\/lanove-obliecky\/?swcfpc=1\" target=\"_blank\">\n\t\t\t\t\t\t\t<img loading=\"lazy\" decoding=\"async\" width=\"800\" height=\"683\" src=\"https:\/\/lanaja.sk\/wp-content\/uploads\/2020\/04\/postelne28-1024x874.jpg\" class=\"attachment-large size-large wp-image-6895\" alt=\"\" srcset=\"https:\/\/lanaja.sk\/wp-content\/uploads\/2020\/04\/postelne28-1024x874.jpg 1024w, https:\/\/lanaja.sk\/wp-content\/uploads\/2020\/04\/postelne28-e1586805947412-jpg-800x683.webp 800w, https:\/\/lanaja.sk\/wp-content\/uploads\/2020\/04\/postelne28-e1586805947412-300x256.webp 300w, https:\/\/lanaja.sk\/wp-content\/uploads\/2020\/04\/postelne28-e1586805947412-768x655.webp 768w, https:\/\/lanaja.sk\/wp-content\/uploads\/2020\/04\/postelne28-e1586805947412-500x427.jpg 500w, https:\/\/lanaja.sk\/wp-content\/uploads\/2020\/04\/postelne28-234x200.jpg 234w, https:\/\/lanaja.sk\/wp-content\/uploads\/2020\/04\/postelne28-600x512.jpg 600w, https:\/\/lanaja.sk\/wp-content\/uploads\/2020\/04\/postelne28-e1586805947412-jpg.webp 900w\" sizes=\"(max-width: 800px) 100vw, 800px\" \/>\t\t\t\t\t\t\t\t<\/a>\n\t\t\t\t\t\t\t\t\t\t\t\t\t\t\t<\/div>\n\t\t\t\t<\/div>\n\t\t\t\t<\/div>\n\t\t<div class=\"elementor-element elementor-element-d507026 e-con-full e-flex e-con e-child\" data-id=\"d507026\" data-element_type=\"container\" data-e-type=\"container\">\n\t\t\t\t<div class=\"elementor-element elementor-element-ac20a26 elementor-widget elementor-widget-text-editor\" data-id=\"ac20a26\" data-element_type=\"widget\" data-e-type=\"widget\" data-widget_type=\"text-editor.default\">\n\t\t\t\t<div class=\"elementor-widget-container\">\n\t\t\t\t\t\t\t\t\t<p>Jako mal\u00e1 rodinn\u00e1 zna\u010dka m\u00e1me velk\u00fd respekt k na\u0161im z\u00e1kazn\u00edk\u016fm. Proto se sna\u017e\u00edme nab\u00edzet nejen kvalitn\u00ed produkty, ale tak\u00e9 prvot\u0159\u00eddn\u00ed servis. Va\u0161e spokojenost je pro n\u00e1s na prvn\u00edm m\u00edst\u011b, a proto se k n\u00e1m na\u0161i z\u00e1kazn\u00edci r\u00e1di vracej\u00ed. Proto\u017ee si v\u00e1\u017e\u00edme p\u0159\u00edrody, na\u0161ich \u0161vadlen i na\u0161ich z\u00e1kazn\u00edk\u016f, je pro n\u00e1s na\u0161e ln\u011bn\u00e9 povle\u010den\u00ed investic\u00ed do kvality a dlouhodob\u00fdm p\u0159\u00ednosem. U\u017eijte si ten nejlep\u0161\u00ed sp\u00e1nek v objet\u00ed p\u0159\u00edrody s na\u0161imi ln\u011bn\u00fdmi prost\u011bradly od Lanaje.<\/p>\n<p>Okrov\u00e9 povle\u010den\u00ed <a href=\"https:\/\/lanaja.sk\/cs\/?p=7582&#038;swcfpc=1\" target=\"_blank\" rel=\"noopener\">MIRIAM <\/a>a \u017elut\u00e9 prost\u011bradlo <a href=\"https:\/\/lanaja.sk\/obchod\/spalna\/lanove-obliecky\/lanove-obliecky-katarina\/?swcfpc=1\" target=\"_blank\" rel=\"noopener\">KATAR\u00cdNA<\/a> si u na\u0161ich z\u00e1kazn\u00edk\u016f obl\u00edbili zejm\u00e9na svou barvu, kter\u00e1 interi\u00e9r rozjasn\u00ed a dod\u00e1 mu pot\u0159ebnou energii.<\/p>\n<p>Ve spole\u010dnosti Lanaja v\u011b\u0159\u00edme, \u017ee v\u00e1\u0161 sp\u00e1nek by m\u011bl b\u00fdt v\u00edce ne\u017e jen nezbytnou povinnost\u00ed. M\u011bl by to b\u00fdt z\u00e1\u017eitek pln\u00fd radosti, pohodl\u00ed, kvality a stylu.<\/p>\n\t\t\t\t\t\t\t\t<\/div>\n\t\t\t\t<\/div>\n\t\t\t\t<\/div>\n\t\t\t\t\t<\/div>\n\t\t\t\t<\/div>\n\t\t<div class=\"elementor-element elementor-element-9a2b533 e-flex e-con-boxed e-con e-parent\" data-id=\"9a2b533\" data-element_type=\"container\" data-e-type=\"container\">\n\t\t\t\t\t<div class=\"e-con-inner\">\n\t\t\t\t<div class=\"elementor-element elementor-element-eb9f81a elementor-widget-divider--view-line elementor-widget elementor-widget-divider\" data-id=\"eb9f81a\" data-element_type=\"widget\" data-e-type=\"widget\" data-widget_type=\"divider.default\">\n\t\t\t\t<div class=\"elementor-widget-container\">\n\t\t\t\t\t\t\t<div class=\"elementor-divider\">\n\t\t\t<span class=\"elementor-divider-separator\">\n\t\t\t\t\t\t<\/span>\n\t\t<\/div>\n\t\t\t\t\t\t<\/div>\n\t\t\t\t<\/div>\n\t\t\t\t\t<\/div>\n\t\t\t\t<\/div>\n\t\t\t\t<\/div>\n\t\t","protected":false},"excerpt":{"rendered":"<p>\u017dlut\u00e9 ln\u011bn\u00e9 povle\u010den\u00ed Kate\u0159ina Jarn\u00ed slunce n\u00e1m sv\u00fdm h\u0159ejiv\u00fdm sv\u011btlem rozjas\u0148uje krajinu. Toto teplo a slune\u010dn\u00ed svit jsou zachyceny ve \u017elut\u00e9m ln\u011bn\u00e9m povle\u010den\u00ed Kate\u0159ina, \u0161it\u00e9m s l\u00e1skou a zru\u010dnost\u00ed, p\u0159\u00edmo v na\u0161\u00ed d\u00edln\u011b v Lanaji. \u017dlut\u00e1 barva lnu je jako slune\u010dn\u00ed paprsek, je to barva radosti, energie a nov\u00e9ho za\u010d\u00e1tku. Ln\u011bn\u00e1 tkanina je jemn\u00e1, ale [&hellip;]<\/p>\n","protected":false},"author":2,"featured_media":8137,"comment_status":"closed","ping_status":"closed","sticky":false,"template":"","format":"standard","meta":{"footnotes":""},"categories":[165],"tags":[168,166,170],"class_list":["post-13032","post","type-post","status-publish","format-standard","has-post-thumbnail","hentry","category-len","tag-lnena-prosteradla","tag-lnene-vyrobky","tag-slovenska-znacka-cs"],"yoast_head":"<!-- This site is optimized with the Yoast SEO plugin v27.4 - https:\/\/yoast.com\/product\/yoast-seo-wordpress\/ -->\n<title>V n\u011b\u017en\u00e9m objet\u00ed slune\u010dn\u00edch paprsk\u016f &#8226; Lanaja-slovensk\u00e1 udr\u017eiteln\u00e1 zna\u010dka a v\u00fdrobce ln\u011bn\u00e9ho textilu<\/title>\n<meta name=\"description\" content=\"Jarn\u00ed slunce n\u00e1m sv\u00fdm h\u0159ejiv\u00fdm sv\u011btlem rozjas\u0148uje krajinu. Toto teplo a slune\u010dn\u00ed svit jsou zachyceny ve \u017elut\u00fdch ln\u011bn\u00fdch prost\u011bradlech Katariny\" \/>\n<meta name=\"robots\" content=\"index, follow, max-snippet:-1, max-image-preview:large, max-video-preview:-1\" \/>\n<link rel=\"canonical\" href=\"https:\/\/lanaja.sk\/cs\/v-neznem-objeti-slunecnich-paprsku\/\" \/>\n<meta property=\"og:locale\" content=\"cs_CZ\" \/>\n<meta property=\"og:type\" content=\"article\" \/>\n<meta property=\"og:title\" content=\"V n\u011b\u017en\u00e9m objet\u00ed slune\u010dn\u00edch paprsk\u016f &#8226; Lanaja-slovensk\u00e1 udr\u017eiteln\u00e1 zna\u010dka a v\u00fdrobce ln\u011bn\u00e9ho textilu\" \/>\n<meta property=\"og:description\" content=\"Jarn\u00ed slunce n\u00e1m sv\u00fdm h\u0159ejiv\u00fdm sv\u011btlem rozjas\u0148uje krajinu. Toto teplo a slune\u010dn\u00ed svit jsou zachyceny ve \u017elut\u00fdch ln\u011bn\u00fdch prost\u011bradlech Katariny\" \/>\n<meta property=\"og:url\" content=\"https:\/\/lanaja.sk\/cs\/v-neznem-objeti-slunecnich-paprsku\/\" \/>\n<meta property=\"og:site_name\" content=\"Lanaja-slovensk\u00e1 udr\u017eiteln\u00e1 zna\u010dka a v\u00fdrobce ln\u011bn\u00e9ho textilu\" \/>\n<meta property=\"article:publisher\" content=\"https:\/\/www.facebook.com\/Abreadbag\" \/>\n<meta property=\"article:published_time\" content=\"2023-04-26T08:50:45+00:00\" \/>\n<meta property=\"article:modified_time\" content=\"2024-06-02T15:12:11+00:00\" \/>\n<meta property=\"og:image\" content=\"https:\/\/lanaja.sk\/wp-content\/uploads\/2023\/04\/lanove-obliecky-Katarina1-jpg-e1682499519375.webp\" \/>\n\t<meta property=\"og:image:width\" content=\"1350\" \/>\n\t<meta property=\"og:image:height\" content=\"1800\" \/>\n\t<meta property=\"og:image:type\" content=\"image\/jpeg\" \/>\n<meta name=\"author\" content=\"Al\u017ebeta Andr\u00e1\u0161ikov\u00e1\" \/>\n<meta name=\"twitter:card\" content=\"summary_large_image\" \/>\n<meta name=\"twitter:label1\" content=\"Napsal(a)\" \/>\n\t<meta name=\"twitter:data1\" content=\"Al\u017ebeta Andr\u00e1\u0161ikov\u00e1\" \/>\n\t<meta name=\"twitter:label2\" content=\"Odhadovan\u00e1 doba \u010dten\u00ed\" \/>\n\t<meta name=\"twitter:data2\" content=\"5 minut\" \/>\n<script type=\"application\/ld+json\" class=\"yoast-schema-graph\">{\"@context\":\"https:\\\/\\\/schema.org\",\"@graph\":[{\"@type\":\"Article\",\"@id\":\"https:\\\/\\\/lanaja.sk\\\/cs\\\/v-neznem-objeti-slunecnich-paprsku\\\/#article\",\"isPartOf\":{\"@id\":\"https:\\\/\\\/lanaja.sk\\\/cs\\\/v-neznem-objeti-slunecnich-paprsku\\\/\"},\"author\":{\"name\":\"Al\u017ebeta Andr\u00e1\u0161ikov\u00e1\",\"@id\":\"https:\\\/\\\/lanaja.sk\\\/cs\\\/#\\\/schema\\\/person\\\/03b484e8a920977800eb66d001ff7437\"},\"headline\":\"V n\u011b\u017en\u00e9m objet\u00ed slune\u010dn\u00edch paprsk\u016f\",\"datePublished\":\"2023-04-26T08:50:45+00:00\",\"dateModified\":\"2024-06-02T15:12:11+00:00\",\"mainEntityOfPage\":{\"@id\":\"https:\\\/\\\/lanaja.sk\\\/cs\\\/v-neznem-objeti-slunecnich-paprsku\\\/\"},\"wordCount\":968,\"publisher\":{\"@id\":\"https:\\\/\\\/lanaja.sk\\\/cs\\\/#organization\"},\"image\":{\"@id\":\"https:\\\/\\\/lanaja.sk\\\/cs\\\/v-neznem-objeti-slunecnich-paprsku\\\/#primaryimage\"},\"thumbnailUrl\":\"https:\\\/\\\/lanaja.sk\\\/wp-content\\\/uploads\\\/2023\\\/04\\\/lanove-obliecky-Katarina1-jpg-e1682499519375.webp\",\"keywords\":[\"ln\u011bn\u00e1 prost\u011bradla\",\"ln\u011bn\u00e9 v\u00fdrobky\",\"Slovensk\u00e1 zna\u010dka\"],\"articleSection\":[\"Len\"],\"inLanguage\":\"cs\"},{\"@type\":\"WebPage\",\"@id\":\"https:\\\/\\\/lanaja.sk\\\/cs\\\/v-neznem-objeti-slunecnich-paprsku\\\/\",\"url\":\"https:\\\/\\\/lanaja.sk\\\/cs\\\/v-neznem-objeti-slunecnich-paprsku\\\/\",\"name\":\"V n\u011b\u017en\u00e9m objet\u00ed slune\u010dn\u00edch paprsk\u016f &#8226; Lanaja-slovensk\u00e1 udr\u017eiteln\u00e1 zna\u010dka a v\u00fdrobce ln\u011bn\u00e9ho textilu\",\"isPartOf\":{\"@id\":\"https:\\\/\\\/lanaja.sk\\\/cs\\\/#website\"},\"primaryImageOfPage\":{\"@id\":\"https:\\\/\\\/lanaja.sk\\\/cs\\\/v-neznem-objeti-slunecnich-paprsku\\\/#primaryimage\"},\"image\":{\"@id\":\"https:\\\/\\\/lanaja.sk\\\/cs\\\/v-neznem-objeti-slunecnich-paprsku\\\/#primaryimage\"},\"thumbnailUrl\":\"https:\\\/\\\/lanaja.sk\\\/wp-content\\\/uploads\\\/2023\\\/04\\\/lanove-obliecky-Katarina1-jpg-e1682499519375.webp\",\"datePublished\":\"2023-04-26T08:50:45+00:00\",\"dateModified\":\"2024-06-02T15:12:11+00:00\",\"description\":\"Jarn\u00ed slunce n\u00e1m sv\u00fdm h\u0159ejiv\u00fdm sv\u011btlem rozjas\u0148uje krajinu. Toto teplo a slune\u010dn\u00ed svit jsou zachyceny ve \u017elut\u00fdch ln\u011bn\u00fdch prost\u011bradlech Katariny\",\"breadcrumb\":{\"@id\":\"https:\\\/\\\/lanaja.sk\\\/cs\\\/v-neznem-objeti-slunecnich-paprsku\\\/#breadcrumb\"},\"inLanguage\":\"cs\",\"potentialAction\":[{\"@type\":\"ReadAction\",\"target\":[\"https:\\\/\\\/lanaja.sk\\\/cs\\\/v-neznem-objeti-slunecnich-paprsku\\\/\"]}]},{\"@type\":\"ImageObject\",\"inLanguage\":\"cs\",\"@id\":\"https:\\\/\\\/lanaja.sk\\\/cs\\\/v-neznem-objeti-slunecnich-paprsku\\\/#primaryimage\",\"url\":\"https:\\\/\\\/lanaja.sk\\\/wp-content\\\/uploads\\\/2023\\\/04\\\/lanove-obliecky-Katarina1-jpg-e1682499519375.webp\",\"contentUrl\":\"https:\\\/\\\/lanaja.sk\\\/wp-content\\\/uploads\\\/2023\\\/04\\\/lanove-obliecky-Katarina1-jpg-e1682499519375.webp\",\"width\":1350,\"height\":1800,\"caption\":\"\u013eanov\u00e9 oblie\u010dky\"},{\"@type\":\"BreadcrumbList\",\"@id\":\"https:\\\/\\\/lanaja.sk\\\/cs\\\/v-neznem-objeti-slunecnich-paprsku\\\/#breadcrumb\",\"itemListElement\":[{\"@type\":\"ListItem\",\"position\":1,\"name\":\"Home\",\"item\":\"https:\\\/\\\/lanaja.sk\\\/cs\\\/\"},{\"@type\":\"ListItem\",\"position\":2,\"name\":\"V n\u011b\u017en\u00e9m objet\u00ed slune\u010dn\u00edch paprsk\u016f\"}]},{\"@type\":\"WebSite\",\"@id\":\"https:\\\/\\\/lanaja.sk\\\/cs\\\/#website\",\"url\":\"https:\\\/\\\/lanaja.sk\\\/cs\\\/\",\"name\":\"Lanaja - bytov\u00fd textil z \u013eanu a \u013eanov\u00e9 v\u00fdrobky\",\"description\":\"Jedine\u010dn\u00fd bytov\u00fd textil, ln\u011bn\u00e9 pytl\u00edky, ln\u011bn\u00e9 ubrusy, ln\u011bn\u00e9 lo\u017en\u00ed povle\u010den\u00ed, ln\u011bn\u00e9 ut\u011brky, ln\u011bn\u00e9 prost\u00edr\u00e1n\u00ed vyroben\u00e9 a \u0161it\u00e9 na Slovensku\",\"publisher\":{\"@id\":\"https:\\\/\\\/lanaja.sk\\\/cs\\\/#organization\"},\"alternateName\":\"Lanaja - v\u00fdrobky z \u013eanu, \u013eanov\u00fd bytov\u00fd textil\",\"potentialAction\":[{\"@type\":\"SearchAction\",\"target\":{\"@type\":\"EntryPoint\",\"urlTemplate\":\"https:\\\/\\\/lanaja.sk\\\/cs\\\/?s={search_term_string}\"},\"query-input\":{\"@type\":\"PropertyValueSpecification\",\"valueRequired\":true,\"valueName\":\"search_term_string\"}}],\"inLanguage\":\"cs\"},{\"@type\":\"Organization\",\"@id\":\"https:\\\/\\\/lanaja.sk\\\/cs\\\/#organization\",\"name\":\"Lanaja\",\"alternateName\":\"Al\u017ebeta Andr\u00e1\u0161ikov\u00e1 - Lanaja\",\"url\":\"https:\\\/\\\/lanaja.sk\\\/cs\\\/\",\"logo\":{\"@type\":\"ImageObject\",\"inLanguage\":\"cs\",\"@id\":\"https:\\\/\\\/lanaja.sk\\\/cs\\\/#\\\/schema\\\/logo\\\/image\\\/\",\"url\":\"https:\\\/\\\/lanaja.sk\\\/wp-content\\\/uploads\\\/2024\\\/01\\\/Lanaja.sk-logo.png\",\"contentUrl\":\"https:\\\/\\\/lanaja.sk\\\/wp-content\\\/uploads\\\/2024\\\/01\\\/Lanaja.sk-logo.png\",\"width\":600,\"height\":300,\"caption\":\"Lanaja\"},\"image\":{\"@id\":\"https:\\\/\\\/lanaja.sk\\\/cs\\\/#\\\/schema\\\/logo\\\/image\\\/\"},\"sameAs\":[\"https:\\\/\\\/www.facebook.com\\\/Abreadbag\",\"https:\\\/\\\/www.instagram.com\\\/lanaja_sk\\\/\"]},{\"@type\":\"Person\",\"@id\":\"https:\\\/\\\/lanaja.sk\\\/cs\\\/#\\\/schema\\\/person\\\/03b484e8a920977800eb66d001ff7437\",\"name\":\"Al\u017ebeta Andr\u00e1\u0161ikov\u00e1\",\"image\":{\"@type\":\"ImageObject\",\"inLanguage\":\"cs\",\"@id\":\"https:\\\/\\\/secure.gravatar.com\\\/avatar\\\/82259c03c46dc4c5e2c3213c2a75239b3f9f30a170c7e18e1b4ea244fd601f8c?s=96&d=mm&r=g\",\"url\":\"https:\\\/\\\/secure.gravatar.com\\\/avatar\\\/82259c03c46dc4c5e2c3213c2a75239b3f9f30a170c7e18e1b4ea244fd601f8c?s=96&d=mm&r=g\",\"contentUrl\":\"https:\\\/\\\/secure.gravatar.com\\\/avatar\\\/82259c03c46dc4c5e2c3213c2a75239b3f9f30a170c7e18e1b4ea244fd601f8c?s=96&d=mm&r=g\",\"caption\":\"Al\u017ebeta Andr\u00e1\u0161ikov\u00e1\"}}]}<\/script>\n<!-- \/ Yoast SEO plugin. -->","yoast_head_json":{"title":"V n\u011b\u017en\u00e9m objet\u00ed slune\u010dn\u00edch paprsk\u016f &#8226; Lanaja-slovensk\u00e1 udr\u017eiteln\u00e1 zna\u010dka a v\u00fdrobce ln\u011bn\u00e9ho textilu","description":"Jarn\u00ed slunce n\u00e1m sv\u00fdm h\u0159ejiv\u00fdm sv\u011btlem rozjas\u0148uje krajinu. Toto teplo a slune\u010dn\u00ed svit jsou zachyceny ve \u017elut\u00fdch ln\u011bn\u00fdch prost\u011bradlech Katariny","robots":{"index":"index","follow":"follow","max-snippet":"max-snippet:-1","max-image-preview":"max-image-preview:large","max-video-preview":"max-video-preview:-1"},"canonical":"https:\/\/lanaja.sk\/cs\/v-neznem-objeti-slunecnich-paprsku\/","og_locale":"cs_CZ","og_type":"article","og_title":"V n\u011b\u017en\u00e9m objet\u00ed slune\u010dn\u00edch paprsk\u016f &#8226; Lanaja-slovensk\u00e1 udr\u017eiteln\u00e1 zna\u010dka a v\u00fdrobce ln\u011bn\u00e9ho textilu","og_description":"Jarn\u00ed slunce n\u00e1m sv\u00fdm h\u0159ejiv\u00fdm sv\u011btlem rozjas\u0148uje krajinu. Toto teplo a slune\u010dn\u00ed svit jsou zachyceny ve \u017elut\u00fdch ln\u011bn\u00fdch prost\u011bradlech Katariny","og_url":"https:\/\/lanaja.sk\/cs\/v-neznem-objeti-slunecnich-paprsku\/","og_site_name":"Lanaja-slovensk\u00e1 udr\u017eiteln\u00e1 zna\u010dka a v\u00fdrobce ln\u011bn\u00e9ho textilu","article_publisher":"https:\/\/www.facebook.com\/Abreadbag","article_published_time":"2023-04-26T08:50:45+00:00","article_modified_time":"2024-06-02T15:12:11+00:00","og_image":[{"width":1350,"height":1800,"url":"https:\/\/lanaja.sk\/wp-content\/uploads\/2023\/04\/lanove-obliecky-Katarina1-jpg-e1682499519375.webp","type":"image\/jpeg"}],"author":"Al\u017ebeta Andr\u00e1\u0161ikov\u00e1","twitter_card":"summary_large_image","twitter_misc":{"Napsal(a)":"Al\u017ebeta Andr\u00e1\u0161ikov\u00e1","Odhadovan\u00e1 doba \u010dten\u00ed":"5 minut"},"schema":{"@context":"https:\/\/schema.org","@graph":[{"@type":"Article","@id":"https:\/\/lanaja.sk\/cs\/v-neznem-objeti-slunecnich-paprsku\/#article","isPartOf":{"@id":"https:\/\/lanaja.sk\/cs\/v-neznem-objeti-slunecnich-paprsku\/"},"author":{"name":"Al\u017ebeta Andr\u00e1\u0161ikov\u00e1","@id":"https:\/\/lanaja.sk\/cs\/#\/schema\/person\/03b484e8a920977800eb66d001ff7437"},"headline":"V n\u011b\u017en\u00e9m objet\u00ed slune\u010dn\u00edch paprsk\u016f","datePublished":"2023-04-26T08:50:45+00:00","dateModified":"2024-06-02T15:12:11+00:00","mainEntityOfPage":{"@id":"https:\/\/lanaja.sk\/cs\/v-neznem-objeti-slunecnich-paprsku\/"},"wordCount":968,"publisher":{"@id":"https:\/\/lanaja.sk\/cs\/#organization"},"image":{"@id":"https:\/\/lanaja.sk\/cs\/v-neznem-objeti-slunecnich-paprsku\/#primaryimage"},"thumbnailUrl":"https:\/\/lanaja.sk\/wp-content\/uploads\/2023\/04\/lanove-obliecky-Katarina1-jpg-e1682499519375.webp","keywords":["ln\u011bn\u00e1 prost\u011bradla","ln\u011bn\u00e9 v\u00fdrobky","Slovensk\u00e1 zna\u010dka"],"articleSection":["Len"],"inLanguage":"cs"},{"@type":"WebPage","@id":"https:\/\/lanaja.sk\/cs\/v-neznem-objeti-slunecnich-paprsku\/","url":"https:\/\/lanaja.sk\/cs\/v-neznem-objeti-slunecnich-paprsku\/","name":"V n\u011b\u017en\u00e9m objet\u00ed slune\u010dn\u00edch paprsk\u016f &#8226; Lanaja-slovensk\u00e1 udr\u017eiteln\u00e1 zna\u010dka a v\u00fdrobce ln\u011bn\u00e9ho textilu","isPartOf":{"@id":"https:\/\/lanaja.sk\/cs\/#website"},"primaryImageOfPage":{"@id":"https:\/\/lanaja.sk\/cs\/v-neznem-objeti-slunecnich-paprsku\/#primaryimage"},"image":{"@id":"https:\/\/lanaja.sk\/cs\/v-neznem-objeti-slunecnich-paprsku\/#primaryimage"},"thumbnailUrl":"https:\/\/lanaja.sk\/wp-content\/uploads\/2023\/04\/lanove-obliecky-Katarina1-jpg-e1682499519375.webp","datePublished":"2023-04-26T08:50:45+00:00","dateModified":"2024-06-02T15:12:11+00:00","description":"Jarn\u00ed slunce n\u00e1m sv\u00fdm h\u0159ejiv\u00fdm sv\u011btlem rozjas\u0148uje krajinu. Toto teplo a slune\u010dn\u00ed svit jsou zachyceny ve \u017elut\u00fdch ln\u011bn\u00fdch prost\u011bradlech Katariny","breadcrumb":{"@id":"https:\/\/lanaja.sk\/cs\/v-neznem-objeti-slunecnich-paprsku\/#breadcrumb"},"inLanguage":"cs","potentialAction":[{"@type":"ReadAction","target":["https:\/\/lanaja.sk\/cs\/v-neznem-objeti-slunecnich-paprsku\/"]}]},{"@type":"ImageObject","inLanguage":"cs","@id":"https:\/\/lanaja.sk\/cs\/v-neznem-objeti-slunecnich-paprsku\/#primaryimage","url":"https:\/\/lanaja.sk\/wp-content\/uploads\/2023\/04\/lanove-obliecky-Katarina1-jpg-e1682499519375.webp","contentUrl":"https:\/\/lanaja.sk\/wp-content\/uploads\/2023\/04\/lanove-obliecky-Katarina1-jpg-e1682499519375.webp","width":1350,"height":1800,"caption":"\u013eanov\u00e9 oblie\u010dky"},{"@type":"BreadcrumbList","@id":"https:\/\/lanaja.sk\/cs\/v-neznem-objeti-slunecnich-paprsku\/#breadcrumb","itemListElement":[{"@type":"ListItem","position":1,"name":"Home","item":"https:\/\/lanaja.sk\/cs\/"},{"@type":"ListItem","position":2,"name":"V n\u011b\u017en\u00e9m objet\u00ed slune\u010dn\u00edch paprsk\u016f"}]},{"@type":"WebSite","@id":"https:\/\/lanaja.sk\/cs\/#website","url":"https:\/\/lanaja.sk\/cs\/","name":"Lanaja - bytov\u00fd textil z \u013eanu a \u013eanov\u00e9 v\u00fdrobky","description":"Jedine\u010dn\u00fd bytov\u00fd textil, ln\u011bn\u00e9 pytl\u00edky, ln\u011bn\u00e9 ubrusy, ln\u011bn\u00e9 lo\u017en\u00ed povle\u010den\u00ed, ln\u011bn\u00e9 ut\u011brky, ln\u011bn\u00e9 prost\u00edr\u00e1n\u00ed vyroben\u00e9 a \u0161it\u00e9 na Slovensku","publisher":{"@id":"https:\/\/lanaja.sk\/cs\/#organization"},"alternateName":"Lanaja - v\u00fdrobky z \u013eanu, \u013eanov\u00fd bytov\u00fd textil","potentialAction":[{"@type":"SearchAction","target":{"@type":"EntryPoint","urlTemplate":"https:\/\/lanaja.sk\/cs\/?s={search_term_string}"},"query-input":{"@type":"PropertyValueSpecification","valueRequired":true,"valueName":"search_term_string"}}],"inLanguage":"cs"},{"@type":"Organization","@id":"https:\/\/lanaja.sk\/cs\/#organization","name":"Lanaja","alternateName":"Al\u017ebeta Andr\u00e1\u0161ikov\u00e1 - Lanaja","url":"https:\/\/lanaja.sk\/cs\/","logo":{"@type":"ImageObject","inLanguage":"cs","@id":"https:\/\/lanaja.sk\/cs\/#\/schema\/logo\/image\/","url":"https:\/\/lanaja.sk\/wp-content\/uploads\/2024\/01\/Lanaja.sk-logo.png","contentUrl":"https:\/\/lanaja.sk\/wp-content\/uploads\/2024\/01\/Lanaja.sk-logo.png","width":600,"height":300,"caption":"Lanaja"},"image":{"@id":"https:\/\/lanaja.sk\/cs\/#\/schema\/logo\/image\/"},"sameAs":["https:\/\/www.facebook.com\/Abreadbag","https:\/\/www.instagram.com\/lanaja_sk\/"]},{"@type":"Person","@id":"https:\/\/lanaja.sk\/cs\/#\/schema\/person\/03b484e8a920977800eb66d001ff7437","name":"Al\u017ebeta Andr\u00e1\u0161ikov\u00e1","image":{"@type":"ImageObject","inLanguage":"cs","@id":"https:\/\/secure.gravatar.com\/avatar\/82259c03c46dc4c5e2c3213c2a75239b3f9f30a170c7e18e1b4ea244fd601f8c?s=96&d=mm&r=g","url":"https:\/\/secure.gravatar.com\/avatar\/82259c03c46dc4c5e2c3213c2a75239b3f9f30a170c7e18e1b4ea244fd601f8c?s=96&d=mm&r=g","contentUrl":"https:\/\/secure.gravatar.com\/avatar\/82259c03c46dc4c5e2c3213c2a75239b3f9f30a170c7e18e1b4ea244fd601f8c?s=96&d=mm&r=g","caption":"Al\u017ebeta Andr\u00e1\u0161ikov\u00e1"}}]}},"_links":{"self":[{"href":"https:\/\/lanaja.sk\/cs\/wp-json\/wp\/v2\/posts\/13032","targetHints":{"allow":["GET"]}}],"collection":[{"href":"https:\/\/lanaja.sk\/cs\/wp-json\/wp\/v2\/posts"}],"about":[{"href":"https:\/\/lanaja.sk\/cs\/wp-json\/wp\/v2\/types\/post"}],"author":[{"embeddable":true,"href":"https:\/\/lanaja.sk\/cs\/wp-json\/wp\/v2\/users\/2"}],"replies":[{"embeddable":true,"href":"https:\/\/lanaja.sk\/cs\/wp-json\/wp\/v2\/comments?post=13032"}],"version-history":[{"count":4,"href":"https:\/\/lanaja.sk\/cs\/wp-json\/wp\/v2\/posts\/13032\/revisions"}],"predecessor-version":[{"id":14544,"href":"https:\/\/lanaja.sk\/cs\/wp-json\/wp\/v2\/posts\/13032\/revisions\/14544"}],"wp:featuredmedia":[{"embeddable":true,"href":"https:\/\/lanaja.sk\/cs\/wp-json\/wp\/v2\/media\/8137"}],"wp:attachment":[{"href":"https:\/\/lanaja.sk\/cs\/wp-json\/wp\/v2\/media?parent=13032"}],"wp:term":[{"taxonomy":"category","embeddable":true,"href":"https:\/\/lanaja.sk\/cs\/wp-json\/wp\/v2\/categories?post=13032"},{"taxonomy":"post_tag","embeddable":true,"href":"https:\/\/lanaja.sk\/cs\/wp-json\/wp\/v2\/tags?post=13032"}],"curies":[{"name":"wp","href":"https:\/\/api.w.org\/{rel}","templated":true}]}}