{"id":13040,"date":"2023-06-10T19:25:33","date_gmt":"2023-06-10T17:25:33","guid":{"rendered":"https:\/\/lanaja.sk\/prirozeny-dotek\/"},"modified":"2024-05-15T11:59:05","modified_gmt":"2024-05-15T09:59:05","slug":"prirozeny-dotek","status":"publish","type":"post","link":"https:\/\/lanaja.sk\/cs\/prirozeny-dotek\/","title":{"rendered":"P\u0159irozen\u00fd dotek"},"content":{"rendered":"\t\t<div data-elementor-type=\"wp-post\" data-elementor-id=\"13040\" class=\"elementor elementor-13040 elementor-8788\" data-elementor-post-type=\"post\">\n\t\t\t\t<div class=\"elementor-element elementor-element-063356b e-flex e-con-boxed e-con e-parent\" data-id=\"063356b\" data-element_type=\"container\" data-e-type=\"container\">\n\t\t\t\t\t<div class=\"e-con-inner\">\n\t\t\t\t<div class=\"elementor-element elementor-element-e327696 elementor-widget elementor-widget-image\" data-id=\"e327696\" data-element_type=\"widget\" data-e-type=\"widget\" data-widget_type=\"image.default\">\n\t\t\t\t<div class=\"elementor-widget-container\">\n\t\t\t\t\t\t\t\t\t\t\t\t\t\t\t<img fetchpriority=\"high\" decoding=\"async\" width=\"1900\" height=\"1266\" src=\"https:\/\/lanaja.sk\/wp-content\/uploads\/2023\/06\/DSC04322-jpg-e1686415090980.webp\" class=\"attachment-full size-full wp-image-8793\" alt=\"Pr\u00edrodn\u00e1 farba \u013eanu na \u013eanov\u00fdch oblie\u010dkach Daniela\" srcset=\"https:\/\/lanaja.sk\/wp-content\/uploads\/2023\/06\/DSC04322-jpg-e1686415090980.webp 1900w, https:\/\/lanaja.sk\/wp-content\/uploads\/2023\/06\/DSC04322-jpg-e1686415090980-800x533.webp 800w\" sizes=\"(max-width: 1900px) 100vw, 1900px\" \/>\t\t\t\t\t\t\t\t\t\t\t\t\t\t\t<\/div>\n\t\t\t\t<\/div>\n\t\t\t\t\t<\/div>\n\t\t\t\t<\/div>\n\t\t<div class=\"elementor-element elementor-element-dcde1eb e-flex e-con-boxed e-con e-parent\" data-id=\"dcde1eb\" data-element_type=\"container\" data-e-type=\"container\">\n\t\t\t\t\t<div class=\"e-con-inner\">\n\t\t\t\t<div class=\"elementor-element elementor-element-549c9dd elementor-widget-divider--view-line elementor-widget elementor-widget-divider\" data-id=\"549c9dd\" data-element_type=\"widget\" data-e-type=\"widget\" data-widget_type=\"divider.default\">\n\t\t\t\t<div class=\"elementor-widget-container\">\n\t\t\t\t\t\t\t<div class=\"elementor-divider\">\n\t\t\t<span class=\"elementor-divider-separator\">\n\t\t\t\t\t\t<\/span>\n\t\t<\/div>\n\t\t\t\t\t\t<\/div>\n\t\t\t\t<\/div>\n\t\t\t\t\t<\/div>\n\t\t\t\t<\/div>\n\t\t<div class=\"elementor-element elementor-element-a770935 e-flex e-con-boxed e-con e-parent\" data-id=\"a770935\" data-element_type=\"container\" data-e-type=\"container\">\n\t\t\t\t\t<div class=\"e-con-inner\">\n\t\t<div class=\"elementor-element elementor-element-ac3b0bf e-con-full e-flex e-con e-child\" data-id=\"ac3b0bf\" data-element_type=\"container\" data-e-type=\"container\">\n\t\t\t\t<div class=\"elementor-element elementor-element-e41a43d elementor-widget elementor-widget-image\" data-id=\"e41a43d\" data-element_type=\"widget\" data-e-type=\"widget\" data-widget_type=\"image.default\">\n\t\t\t\t<div class=\"elementor-widget-container\">\n\t\t\t\t\t\t\t\t\t\t\t\t\t\t\t<img decoding=\"async\" width=\"683\" height=\"1024\" src=\"https:\/\/lanaja.sk\/wp-content\/uploads\/2023\/06\/DSC04316-683x1024.webp\" class=\"attachment-large size-large wp-image-8795\" alt=\"\u013eanov\u00e9 oblie\u010dky Daniela v pr\u00edrodnej farbe\" srcset=\"https:\/\/lanaja.sk\/wp-content\/uploads\/2023\/06\/DSC04316-683x1024.webp 683w, https:\/\/lanaja.sk\/wp-content\/uploads\/2023\/06\/DSC04316-jpg-e1686415181953-800x1201.webp 800w, https:\/\/lanaja.sk\/wp-content\/uploads\/2023\/06\/DSC04316-200x300.webp 200w, https:\/\/lanaja.sk\/wp-content\/uploads\/2023\/06\/DSC04316-768x1152.webp 768w, https:\/\/lanaja.sk\/wp-content\/uploads\/2023\/06\/DSC04316-1024x1536.webp 1024w, https:\/\/lanaja.sk\/wp-content\/uploads\/2023\/06\/DSC04316-jpg-e1686415181953.webp 1266w\" sizes=\"(max-width: 683px) 100vw, 683px\" \/>\t\t\t\t\t\t\t\t\t\t\t\t\t\t\t<\/div>\n\t\t\t\t<\/div>\n\t\t\t\t<\/div>\n\t\t<div class=\"elementor-element elementor-element-fcbaa7e e-con-full e-flex e-con e-child\" data-id=\"fcbaa7e\" data-element_type=\"container\" data-e-type=\"container\">\n\t\t\t\t<div class=\"elementor-element elementor-element-a1f66ae elementor-widget elementor-widget-text-editor\" data-id=\"a1f66ae\" data-element_type=\"widget\" data-e-type=\"widget\" data-widget_type=\"text-editor.default\">\n\t\t\t\t<div class=\"elementor-widget-container\">\n\t\t\t\t\t\t\t\t\t<div class=\"xdj266r x11i5rnm xat24cr x1mh8g0r x1vvkbs x126k92a\">\n<div dir=\"auto\">P\u0159irozen\u00e1 b\u00e9\u017eov\u00e1 barva lnu vytv\u00e1\u0159\u00ed v m\u00edstnosti pocit rovnov\u00e1hy. Je to barva, kter\u00e1 v sob\u011b nese jednoduchost a autenticitu a z\u00e1rove\u0148 vnese do va\u0161eho prostoru h\u0159ejivou atmosf\u00e9ru.<\/div>\n<div dir=\"auto\"> <\/div>\n<div dir=\"auto\">Na\u0161e <strong>ln\u011bn\u00e1 prost\u011bradla Daniela<\/strong> z nebarven\u00e9ho lnu jsou ur\u010dena pro ty, kte\u0159\u00ed ocen\u00ed kr\u00e1su v jednoduchosti a kvalitu v ka\u017ed\u00e9m detailu.<\/div>\n<div dir=\"auto\">Tato ln\u011bn\u00e1 prost\u011bradla pro v\u00e1s \u0161ijeme nej\u010dast\u011bji, \u010dasto je darujete novoman\u017eel\u016fm a jsou kr\u00e1sn\u00fdm svatebn\u00edm darem.<\/div>\n<div dir=\"auto\"> <\/div>\n<\/div>\n<div class=\"x11i5rnm xat24cr x1mh8g0r x1vvkbs xtlvy1s x126k92a\">\n<div dir=\"auto\">Len je p\u0159\u00edrodn\u00ed vl\u00e1kno, kter\u00e9 v\u00e1s obklop\u00ed m\u011bkkost\u00ed a z\u00e1rove\u0148 v\u00e1m dod\u00e1 pocit p\u0159irozen\u00e9 sv\u011b\u017eesti. Jeho schopnost regulovat teplotu v\u00e1m poskytne p\u0159\u00edjemn\u00e9 teplo v zimn\u00edch noc\u00edch a osv\u011b\u017euj\u00edc\u00ed chlad v hork\u00fdch letn\u00edch dnech. Ln\u011bn\u00e9 povle\u010den\u00ed Daniela je va\u0161\u00edm v\u011brn\u00fdm spole\u010dn\u00edkem po cel\u00fd rok.<\/div>\n<div dir=\"auto\"> <\/div>\n<div dir=\"auto\">  Jsou hypoalergenn\u00ed a antibakteri\u00e1ln\u00ed, vhodn\u00e9 pro osoby s citlivou poko\u017ekou a alergiky. Nejen, \u017ee se budete c\u00edtit pohodln\u011b a bezpe\u010dn\u011b, ale tak\u00e9 z\u00edsk\u00e1te pocit zodpov\u011bdnosti v\u016f\u010di sob\u011b i p\u0159\u00edrod\u011b.<\/div>\n<div dir=\"auto\"> <\/div>\n<div dir=\"auto\">Jednoduchost n\u00e1m umo\u017e\u0148uje o\u010distit se od zbyte\u010dnost\u00ed a soust\u0159edit se na to, co je opravdu d\u016fle\u017eit\u00e9. V na\u0161em Danielov\u011b povle\u010den\u00ed se tato s\u00edla projevuje ve sv\u00e9 nej\u010dist\u0161\u00ed podob\u011b. Jejich minimalistick\u00fd design a p\u0159irozen\u00e1 elegance vytv\u00e1\u0159\u00ed prostor pro klid a relaxaci.<\/div>\n<div dir=\"auto\"> <\/div>\n<div dir=\"auto\">Nezapom\u00ednejme na kr\u00e1su, kouzlo v mali\u010dkostech. Jsou to pr\u00e1v\u011b mal\u00e9 detaily, kter\u00e9 dod\u00e1vaj\u00ed list\u016fm v\u00fdjime\u010dnou hodnotu. Ka\u017ed\u00fd \u0161ev, ka\u017ed\u00e1 nit a ka\u017ed\u00fd strukturovan\u00fd vzor jsou pe\u010dliv\u011b navr\u017eeny a \u0161it\u00e9 s l\u00e1skou, aby do va\u0161eho domova vnesly pocit jedine\u010dnosti.  <\/div>\n<\/div>\n\t\t\t\t\t\t\t\t<\/div>\n\t\t\t\t<\/div>\n\t\t\t\t<\/div>\n\t\t\t\t\t<\/div>\n\t\t\t\t<\/div>\n\t\t<div class=\"elementor-element elementor-element-fd941a1 e-flex e-con-boxed e-con e-parent\" data-id=\"fd941a1\" data-element_type=\"container\" data-e-type=\"container\">\n\t\t\t\t\t<div class=\"e-con-inner\">\n\t\t\t\t<div class=\"elementor-element elementor-element-981b1bf elementor-widget-divider--view-line elementor-widget elementor-widget-divider\" data-id=\"981b1bf\" data-element_type=\"widget\" data-e-type=\"widget\" data-widget_type=\"divider.default\">\n\t\t\t\t<div class=\"elementor-widget-container\">\n\t\t\t\t\t\t\t<div class=\"elementor-divider\">\n\t\t\t<span class=\"elementor-divider-separator\">\n\t\t\t\t\t\t<\/span>\n\t\t<\/div>\n\t\t\t\t\t\t<\/div>\n\t\t\t\t<\/div>\n\t\t\t\t\t<\/div>\n\t\t\t\t<\/div>\n\t\t<div class=\"elementor-element elementor-element-312b3bc e-flex e-con-boxed e-con e-parent\" data-id=\"312b3bc\" data-element_type=\"container\" data-e-type=\"container\">\n\t\t\t\t\t<div class=\"e-con-inner\">\n\t\t<div class=\"elementor-element elementor-element-ad5c06d e-con-full e-flex e-con e-child\" data-id=\"ad5c06d\" data-element_type=\"container\" data-e-type=\"container\">\n\t\t\t\t<div class=\"elementor-element elementor-element-182ddef elementor-widget elementor-widget-image\" data-id=\"182ddef\" data-element_type=\"widget\" data-e-type=\"widget\" data-widget_type=\"image.default\">\n\t\t\t\t<div class=\"elementor-widget-container\">\n\t\t\t\t\t\t\t\t\t\t\t\t\t\t\t<img decoding=\"async\" width=\"683\" height=\"1024\" src=\"https:\/\/lanaja.sk\/wp-content\/uploads\/2023\/06\/DSC04371-683x1024.webp\" class=\"attachment-large size-large wp-image-8797\" alt=\"Kr\u00e1sa pr\u00edrodn\u00e9ho \u013eanu na \u013eanov\u00fdch oblie\u010dkach Daniela\" srcset=\"https:\/\/lanaja.sk\/wp-content\/uploads\/2023\/06\/DSC04371-683x1024.webp 683w, https:\/\/lanaja.sk\/wp-content\/uploads\/2023\/06\/DSC04371-jpg-e1686416170352-800x1201.webp 800w, https:\/\/lanaja.sk\/wp-content\/uploads\/2023\/06\/DSC04371-200x300.webp 200w, https:\/\/lanaja.sk\/wp-content\/uploads\/2023\/06\/DSC04371-768x1152.webp 768w, https:\/\/lanaja.sk\/wp-content\/uploads\/2023\/06\/DSC04371-1024x1536.webp 1024w, https:\/\/lanaja.sk\/wp-content\/uploads\/2023\/06\/DSC04371-jpg-e1686416170352.webp 1266w\" sizes=\"(max-width: 683px) 100vw, 683px\" \/>\t\t\t\t\t\t\t\t\t\t\t\t\t\t\t<\/div>\n\t\t\t\t<\/div>\n\t\t\t\t<\/div>\n\t\t<div class=\"elementor-element elementor-element-75baebd e-con-full e-flex e-con e-child\" data-id=\"75baebd\" data-element_type=\"container\" data-e-type=\"container\">\n\t\t\t\t<div class=\"elementor-element elementor-element-e3bd536 elementor-widget elementor-widget-text-editor\" data-id=\"e3bd536\" data-element_type=\"widget\" data-e-type=\"widget\" data-widget_type=\"text-editor.default\">\n\t\t\t\t<div class=\"elementor-widget-container\">\n\t\t\t\t\t\t\t\t\t<p>Minimalistick\u00fd design a p\u0159\u00edjemn\u00e1 b\u00e9\u017eov\u00e1 barva lnu vytv\u00e1\u0159\u00ed prostor pro odpo\u010dinek a relaxaci. Zahalte se do t\u00e9to jednoduchosti a dop\u0159ejte sv\u00e9mu t\u011blu i du\u0161i odpo\u010dinout si v n\u00e1ru\u010d\u00ed p\u0159\u00edrody.<\/p>\n<p>P\u0159i v\u00fdrob\u011b na\u0161eho ln\u011bn\u00e9ho pr\u00e1dla se zavazujeme k udr\u017eiteln\u00e9mu \u017eivotn\u00edmu stylu a ochran\u011b p\u0159\u00edrody. Jsou \u0161it\u00e9 z kvalitn\u00edho lnu, kter\u00fd se vyr\u00e1b\u00ed v \u010cesk\u00e9 republice. Na\u0161e rodinn\u00e1 zna\u010dka si zakl\u00e1d\u00e1 na etick\u00e9m a udr\u017eiteln\u00e9m p\u0159\u00edstupu, proto\u017ee v\u011b\u0159\u00edme, \u017ee ka\u017ed\u00fd krok vede k v\u011bt\u0161\u00ed harmonii mezi \u010dlov\u011bkem a p\u0159\u00edrodou.<\/p>\n<p>V\u00fdb\u011brem na\u0161eho ln\u011bn\u00e9ho pr\u00e1dla Daniela investujete nejen do kvalitn\u00edho a kr\u00e1sn\u00e9ho povle\u010den\u00ed, ale st\u00e1v\u00e1te se sou\u010d\u00e1st\u00ed na\u0161\u00ed rodinn\u00e9 zna\u010dky. Va\u0161e podpora n\u00e1m umo\u017e\u0148uje pokra\u010dovat v na\u0161\u00ed cest\u011b udr\u017eiteln\u00e9ho \u017eivotn\u00edho stylu a z\u00e1rove\u0148 budovat silnou komunitu lid\u00ed, kte\u0159\u00ed oce\u0148uj\u00ed jednoduchost, kr\u00e1su a spojen\u00ed s p\u0159\u00edrodou. Jsme v\u00e1m za to nesm\u00edrn\u011b vd\u011b\u010dn\u00ed.<\/p>\n<p>Na\u0161e ln\u011bn\u00e1 prost\u011bradla jsou v\u00fdsledkem kombinace p\u0159\u00edrody a l\u00e1sky, kterou vkl\u00e1d\u00e1me do ka\u017ed\u00e9ho kousku. Vytv\u00e1\u0159\u00edme je s v\u00e1\u0161n\u00ed a odhodl\u00e1n\u00edm, abychom do va\u0161eho domova p\u0159inesli n\u011bco jedine\u010dn\u00e9ho a cenn\u00e9ho. Jsou to prost\u011bradla, kter\u00e1 vytv\u00e1\u0159ej\u00ed spojen\u00ed mezi v\u00e1mi a na\u0161\u00ed malou rodinnou zna\u010dkou.<\/p>\n<p>C\u00edt\u00edme up\u0159\u00edmnou vd\u011b\u010dnost za va\u0161i neutuchaj\u00edc\u00ed podporu a cestu, kterou jsme spole\u010dn\u011b u\u0161li. Jste pro n\u00e1s v\u00edc ne\u017e jen z\u00e1kazn\u00edci \u2013 jste sou\u010d\u00e1st\u00ed na\u0161\u00ed rodiny, na\u0161\u00ed inspirac\u00ed a d\u016fvodem, pro\u010d d\u011bl\u00e1me to, co d\u011bl\u00e1me.<\/p><\/p>\n\t\t\t\t\t\t\t\t<\/div>\n\t\t\t\t<\/div>\n\t\t\t\t<\/div>\n\t\t\t\t\t<\/div>\n\t\t\t\t<\/div>\n\t\t<div class=\"elementor-element elementor-element-810c73f e-flex e-con-boxed e-con e-parent\" data-id=\"810c73f\" data-element_type=\"container\" data-e-type=\"container\">\n\t\t\t\t\t<div class=\"e-con-inner\">\n\t\t\t\t<div class=\"elementor-element elementor-element-5070a47 elementor-widget-divider--view-line elementor-widget elementor-widget-divider\" data-id=\"5070a47\" data-element_type=\"widget\" data-e-type=\"widget\" data-widget_type=\"divider.default\">\n\t\t\t\t<div class=\"elementor-widget-container\">\n\t\t\t\t\t\t\t<div class=\"elementor-divider\">\n\t\t\t<span class=\"elementor-divider-separator\">\n\t\t\t\t\t\t<\/span>\n\t\t<\/div>\n\t\t\t\t\t\t<\/div>\n\t\t\t\t<\/div>\n\t\t\t\t\t<\/div>\n\t\t\t\t<\/div>\n\t\t<div class=\"elementor-element elementor-element-f51ccec e-flex e-con-boxed e-con e-parent\" data-id=\"f51ccec\" data-element_type=\"container\" data-e-type=\"container\">\n\t\t\t\t\t<div class=\"e-con-inner\">\n\t\t\t\t<div class=\"elementor-element elementor-element-5d694b9 elementor-widget elementor-widget-text-editor\" data-id=\"5d694b9\" data-element_type=\"widget\" data-e-type=\"widget\" data-widget_type=\"text-editor.default\">\n\t\t\t\t<div class=\"elementor-widget-container\">\n\t\t\t\t\t\t\t\t\t<p>Va\u0161e podpora n\u00e1m umo\u017enila r\u016fst a rozv\u00edjet se. Va\u0161e d\u016fv\u011bra v na\u0161e ln\u011bn\u00e9 v\u00fdrobky n\u00e1m dodala odhodl\u00e1n\u00ed a pos\u00edlila na\u0161i v\u00e1\u0161e\u0148 pro kreativitu a kvalitu. Ka\u017ed\u00fd \u00fasm\u011bv, ka\u017ed\u00e9 slovo vd\u011b\u010dnosti n\u00e1m d\u00e1v\u00e1 s\u00edlu pokra\u010dovat v cest\u011b. Spole\u010dn\u011b jsme vytvo\u0159ili spojen\u00ed, kter\u00e9 p\u0159esahuje b\u011b\u017en\u00fd n\u00e1kup. Spole\u010dn\u011b jsme vytvo\u0159ili komunitu, kter\u00e1 sd\u00edl\u00ed hodnoty pomal\u00e9ho \u017eivota, udr\u017eitelnosti a kr\u00e1sy v mali\u010dkostech. Va\u0161e p\u0159\u00edb\u011bhy a zp\u011btn\u00e1 vazba n\u00e1s inspiruj\u00ed a posouvaj\u00ed d\u00e1l. Jste na\u0161\u00ed inspirac\u00ed p\u0159i ka\u017ed\u00e9 nov\u00e9 v\u00fdzv\u011b. Va\u0161e loajalita a p\u0159\u00edze\u0148 n\u00e1s povzbuzuj\u00ed a motivuj\u00ed k neust\u00e1l\u00e9mu zlep\u0161ov\u00e1n\u00ed na\u0161ich produkt\u016f a poskytov\u00e1n\u00ed je\u0161t\u011b lep\u0161\u00edch slu\u017eeb. Va\u0161e n\u00e1zory a zp\u011btn\u00e1 vazba jsou pro n\u00e1s d\u016fle\u017eit\u00e9, proto\u017ee v\u00e1m chceme p\u0159in\u00e1\u0161et to nejlep\u0161\u00ed.<\/p>\n<p>D\u011bkujeme v\u00e1m za va\u0161i v\u011brnost a za to, \u017ee jste si vybrali n\u00e1s. Spole\u010dn\u011b jsme vytvo\u0159ili m\u00edsto, kde se postar\u00e1me o va\u0161e pohodl\u00ed, harmonii a spojen\u00ed s p\u0159\u00edrodou. Ka\u017ed\u00fd kontakt s V\u00e1mi je pro n\u00e1s obrovsk\u00fdm darem a z cel\u00e9ho srdce si p\u0159eji, abychom v\u017edy dok\u00e1zali splnit Va\u0161e o\u010dek\u00e1v\u00e1n\u00ed a vykouzlit V\u00e1m radostn\u00fd \u00fasm\u011bv na tv\u00e1\u0159i, jak se dozv\u00edte v p\u0159\u00edbalov\u00e9m let\u00e1ku p\u0159i rozbalov\u00e1n\u00ed na\u0161ich bal\u00ed\u010dk\u016f.<\/p>\n<p>Tak\u017ee je\u0161t\u011b jednou v\u00e1m z cel\u00e9ho srdce d\u011bkujeme. D\u011bkujeme, \u017ee jste s n\u00e1mi na t\u00e9to spole\u010dn\u00e9 cest\u011b. Spole\u010dn\u011b sm\u011b\u0159ujeme k udr\u017eiteln\u00e9mu a odpov\u011bdn\u00e9mu \u017eivotn\u00edmu stylu. Jsme vd\u011b\u010dn\u00ed, \u017ee m\u016f\u017eeme b\u00fdt sou\u010d\u00e1st\u00ed va\u0161eho \u017eivota a p\u0159in\u00e1\u0161et v\u00e1m radostn\u00e9 chv\u00edle a kvalitn\u00ed produkty.<\/p>\n<p>D\u00edky v\u00e1m je na\u0161e mal\u00e1 rodinn\u00e1 zna\u010dka Lanaja pln\u00e1 energie a touhy vytvo\u0159it je\u0161t\u011b v\u00edce kr\u00e1sy a harmonie. D\u00edky v\u00e1m jsme lep\u0161\u00ed,<\/p>\n<p>S up\u0159\u00edmn\u00fdm pod\u011bkov\u00e1n\u00edm,<\/p>\n<p>Betka a cel\u00fd t\u00fdm Lanaja.<\/p>\n\t\t\t\t\t\t\t\t<\/div>\n\t\t\t\t<\/div>\n\t\t\t\t\t<\/div>\n\t\t\t\t<\/div>\n\t\t<div class=\"elementor-element elementor-element-149327b e-flex e-con-boxed e-con e-parent\" data-id=\"149327b\" data-element_type=\"container\" data-e-type=\"container\">\n\t\t\t\t\t<div class=\"e-con-inner\">\n\t\t\t\t<div class=\"elementor-element elementor-element-bd5b519 elementor-widget-divider--view-line elementor-widget elementor-widget-divider\" data-id=\"bd5b519\" data-element_type=\"widget\" data-e-type=\"widget\" data-widget_type=\"divider.default\">\n\t\t\t\t<div class=\"elementor-widget-container\">\n\t\t\t\t\t\t\t<div class=\"elementor-divider\">\n\t\t\t<span class=\"elementor-divider-separator\">\n\t\t\t\t\t\t<\/span>\n\t\t<\/div>\n\t\t\t\t\t\t<\/div>\n\t\t\t\t<\/div>\n\t\t\t\t\t<\/div>\n\t\t\t\t<\/div>\n\t\t<div class=\"elementor-element elementor-element-38a8465 e-flex e-con-boxed e-con e-parent\" data-id=\"38a8465\" data-element_type=\"container\" data-e-type=\"container\">\n\t\t\t\t\t<div class=\"e-con-inner\">\n\t\t\t\t<div class=\"elementor-element elementor-element-7111df0 elementor-widget elementor-widget-text-editor\" data-id=\"7111df0\" data-element_type=\"widget\" data-e-type=\"widget\" data-widget_type=\"text-editor.default\">\n\t\t\t\t<div class=\"elementor-widget-container\">\n\t\t\t\t\t\t\t\t\t<p><strong>Fotky:<\/strong> ve spolupr\u00e1ci s \u00fa\u017easnou \u017eenou, kr\u00e1sn\u00e9 fotky ln\u011bn\u00fdch prost\u011bradel vytvo\u0159ila <a href=\"https:\/\/www.instagram.com\/majkajurc\/\" target=\"_blank\" rel=\"noopener\">Daniela, Majka Jur\u010dov\u00e1<\/a>, d\u011bkujeme z cel\u00e9ho srdce!<\/p>\n<p><strong>Produkt na fotografi\u00edch:<\/strong> <a href=\"https:\/\/lanaja.sk\/obchod\/spalna\/lanove-obliecky\/lanove-obliecky-daniela\/\" target=\"_blank\" rel=\"noopener\">Ln\u011bn\u00e1 prost\u011bradla Daniela<\/a><\/p>\n\t\t\t\t\t\t\t\t<\/div>\n\t\t\t\t<\/div>\n\t\t\t\t\t<\/div>\n\t\t\t\t<\/div>\n\t\t<div class=\"elementor-element elementor-element-99f9e52 e-flex e-con-boxed e-con e-parent\" data-id=\"99f9e52\" data-element_type=\"container\" data-e-type=\"container\">\n\t\t\t\t\t<div class=\"e-con-inner\">\n\t\t\t\t<div class=\"elementor-element elementor-element-be99387 elementor-widget-divider--view-line elementor-widget elementor-widget-divider\" data-id=\"be99387\" data-element_type=\"widget\" data-e-type=\"widget\" data-widget_type=\"divider.default\">\n\t\t\t\t<div class=\"elementor-widget-container\">\n\t\t\t\t\t\t\t<div class=\"elementor-divider\">\n\t\t\t<span class=\"elementor-divider-separator\">\n\t\t\t\t\t\t<\/span>\n\t\t<\/div>\n\t\t\t\t\t\t<\/div>\n\t\t\t\t<\/div>\n\t\t\t\t\t<\/div>\n\t\t\t\t<\/div>\n\t\t\t\t<\/div>\n\t\t","protected":false},"excerpt":{"rendered":"<p>P\u0159irozen\u00e1 b\u00e9\u017eov\u00e1 barva lnu vytv\u00e1\u0159\u00ed v m\u00edstnosti pocit rovnov\u00e1hy. Je to barva, kter\u00e1 v sob\u011b nese jednoduchost a autenticitu a z\u00e1rove\u0148 vnese do va\u0161eho prostoru h\u0159ejivou atmosf\u00e9ru. Na\u0161e ln\u011bn\u00e1 prost\u011bradla Daniela z nebarven\u00e9ho lnu jsou ur\u010dena pro ty, kte\u0159\u00ed ocen\u00ed kr\u00e1su v jednoduchosti a kvalitu v ka\u017ed\u00e9m detailu. Tato ln\u011bn\u00e1 prost\u011bradla pro v\u00e1s \u0161ijeme nej\u010dast\u011bji, [&hellip;]<\/p>\n","protected":false},"author":2,"featured_media":8790,"comment_status":"closed","ping_status":"closed","sticky":false,"template":"","format":"standard","meta":{"footnotes":""},"categories":[165],"tags":[169,168,166,170,167,171],"class_list":["post-13040","post","type-post","status-publish","format-standard","has-post-thumbnail","hentry","category-len","tag-abreadbag-cs","tag-lnena-prosteradla","tag-lnene-vyrobky","tag-slovenska-znacka-cs","tag-slovenske-vyrobky-cs","tag-udrzitelna-taska-abreadbag"],"yoast_head":"<!-- This site is optimized with the Yoast SEO plugin v27.4 - https:\/\/yoast.com\/product\/yoast-seo-wordpress\/ -->\n<title>P\u0159irozen\u00fd dotek &#8226; Lanaja-slovensk\u00e1 udr\u017eiteln\u00e1 zna\u010dka a v\u00fdrobce ln\u011bn\u00e9ho textilu<\/title>\n<meta name=\"description\" content=\"P\u0159irozen\u00e1 barva pr\u00e1dla vytv\u00e1\u0159\u00ed v m\u00edstnosti pocit rovnov\u00e1hy. Je to barva, kter\u00e1 v sob\u011b nese jednoduchost a autenticitu, Danielovo ln\u011bn\u00e9 povle\u010den\u00ed\" \/>\n<meta name=\"robots\" content=\"index, follow, max-snippet:-1, max-image-preview:large, max-video-preview:-1\" \/>\n<link rel=\"canonical\" href=\"https:\/\/lanaja.sk\/cs\/prirozeny-dotek\/\" \/>\n<meta property=\"og:locale\" content=\"cs_CZ\" \/>\n<meta property=\"og:type\" content=\"article\" \/>\n<meta property=\"og:title\" content=\"P\u0159irozen\u00fd dotek &#8226; Lanaja-slovensk\u00e1 udr\u017eiteln\u00e1 zna\u010dka a v\u00fdrobce ln\u011bn\u00e9ho textilu\" \/>\n<meta property=\"og:description\" content=\"P\u0159irozen\u00e1 barva pr\u00e1dla vytv\u00e1\u0159\u00ed v m\u00edstnosti pocit rovnov\u00e1hy. Je to barva, kter\u00e1 v sob\u011b nese jednoduchost a autenticitu, Danielovo ln\u011bn\u00e9 povle\u010den\u00ed\" \/>\n<meta property=\"og:url\" content=\"https:\/\/lanaja.sk\/cs\/prirozeny-dotek\/\" \/>\n<meta property=\"og:site_name\" content=\"Lanaja-slovensk\u00e1 udr\u017eiteln\u00e1 zna\u010dka a v\u00fdrobce ln\u011bn\u00e9ho textilu\" \/>\n<meta property=\"article:publisher\" content=\"https:\/\/www.facebook.com\/Abreadbag\" \/>\n<meta property=\"article:published_time\" content=\"2023-06-10T17:25:33+00:00\" \/>\n<meta property=\"article:modified_time\" content=\"2024-05-15T09:59:05+00:00\" \/>\n<meta property=\"og:image\" content=\"https:\/\/lanaja.sk\/wp-content\/uploads\/2023\/06\/DSC04309-jpg.webp\" \/>\n\t<meta property=\"og:image:width\" content=\"1365\" \/>\n\t<meta property=\"og:image:height\" content=\"2048\" \/>\n\t<meta property=\"og:image:type\" content=\"image\/jpeg\" \/>\n<meta name=\"author\" content=\"Al\u017ebeta Andr\u00e1\u0161ikov\u00e1\" \/>\n<meta name=\"twitter:card\" content=\"summary_large_image\" \/>\n<meta name=\"twitter:label1\" content=\"Napsal(a)\" \/>\n\t<meta name=\"twitter:data1\" content=\"Al\u017ebeta Andr\u00e1\u0161ikov\u00e1\" \/>\n\t<meta name=\"twitter:label2\" content=\"Odhadovan\u00e1 doba \u010dten\u00ed\" \/>\n\t<meta name=\"twitter:data2\" content=\"5 minut\" \/>\n<script type=\"application\/ld+json\" class=\"yoast-schema-graph\">{\"@context\":\"https:\\\/\\\/schema.org\",\"@graph\":[{\"@type\":\"Article\",\"@id\":\"https:\\\/\\\/lanaja.sk\\\/cs\\\/prirozeny-dotek\\\/#article\",\"isPartOf\":{\"@id\":\"https:\\\/\\\/lanaja.sk\\\/cs\\\/prirozeny-dotek\\\/\"},\"author\":{\"name\":\"Al\u017ebeta Andr\u00e1\u0161ikov\u00e1\",\"@id\":\"https:\\\/\\\/lanaja.sk\\\/cs\\\/#\\\/schema\\\/person\\\/03b484e8a920977800eb66d001ff7437\"},\"headline\":\"P\u0159irozen\u00fd dotek\",\"datePublished\":\"2023-06-10T17:25:33+00:00\",\"dateModified\":\"2024-05-15T09:59:05+00:00\",\"mainEntityOfPage\":{\"@id\":\"https:\\\/\\\/lanaja.sk\\\/cs\\\/prirozeny-dotek\\\/\"},\"wordCount\":1034,\"publisher\":{\"@id\":\"https:\\\/\\\/lanaja.sk\\\/cs\\\/#organization\"},\"image\":{\"@id\":\"https:\\\/\\\/lanaja.sk\\\/cs\\\/prirozeny-dotek\\\/#primaryimage\"},\"thumbnailUrl\":\"https:\\\/\\\/lanaja.sk\\\/wp-content\\\/uploads\\\/2023\\\/06\\\/DSC04309-jpg.webp\",\"keywords\":[\"Abreadbag\",\"ln\u011bn\u00e1 prost\u011bradla\",\"ln\u011bn\u00e9 v\u00fdrobky\",\"Slovensk\u00e1 zna\u010dka\",\"Slovensk\u00e9 v\u00fdrobky\",\"udr\u017eiteln\u00e1 ta\u0161ka ABreadbag\"],\"articleSection\":[\"Len\"],\"inLanguage\":\"cs\"},{\"@type\":\"WebPage\",\"@id\":\"https:\\\/\\\/lanaja.sk\\\/cs\\\/prirozeny-dotek\\\/\",\"url\":\"https:\\\/\\\/lanaja.sk\\\/cs\\\/prirozeny-dotek\\\/\",\"name\":\"P\u0159irozen\u00fd dotek &#8226; Lanaja-slovensk\u00e1 udr\u017eiteln\u00e1 zna\u010dka a v\u00fdrobce ln\u011bn\u00e9ho textilu\",\"isPartOf\":{\"@id\":\"https:\\\/\\\/lanaja.sk\\\/cs\\\/#website\"},\"primaryImageOfPage\":{\"@id\":\"https:\\\/\\\/lanaja.sk\\\/cs\\\/prirozeny-dotek\\\/#primaryimage\"},\"image\":{\"@id\":\"https:\\\/\\\/lanaja.sk\\\/cs\\\/prirozeny-dotek\\\/#primaryimage\"},\"thumbnailUrl\":\"https:\\\/\\\/lanaja.sk\\\/wp-content\\\/uploads\\\/2023\\\/06\\\/DSC04309-jpg.webp\",\"datePublished\":\"2023-06-10T17:25:33+00:00\",\"dateModified\":\"2024-05-15T09:59:05+00:00\",\"description\":\"P\u0159irozen\u00e1 barva pr\u00e1dla vytv\u00e1\u0159\u00ed v m\u00edstnosti pocit rovnov\u00e1hy. Je to barva, kter\u00e1 v sob\u011b nese jednoduchost a autenticitu, Danielovo ln\u011bn\u00e9 povle\u010den\u00ed\",\"breadcrumb\":{\"@id\":\"https:\\\/\\\/lanaja.sk\\\/cs\\\/prirozeny-dotek\\\/#breadcrumb\"},\"inLanguage\":\"cs\",\"potentialAction\":[{\"@type\":\"ReadAction\",\"target\":[\"https:\\\/\\\/lanaja.sk\\\/cs\\\/prirozeny-dotek\\\/\"]}]},{\"@type\":\"ImageObject\",\"inLanguage\":\"cs\",\"@id\":\"https:\\\/\\\/lanaja.sk\\\/cs\\\/prirozeny-dotek\\\/#primaryimage\",\"url\":\"https:\\\/\\\/lanaja.sk\\\/wp-content\\\/uploads\\\/2023\\\/06\\\/DSC04309-jpg.webp\",\"contentUrl\":\"https:\\\/\\\/lanaja.sk\\\/wp-content\\\/uploads\\\/2023\\\/06\\\/DSC04309-jpg.webp\",\"width\":1365,\"height\":2048,\"caption\":\"Nefarben\u00e9 \u013eanov\u00e9 oblie\u010dky Daniela v pr\u00edrodnej b\u00e9\u017eovej farbe\"},{\"@type\":\"BreadcrumbList\",\"@id\":\"https:\\\/\\\/lanaja.sk\\\/cs\\\/prirozeny-dotek\\\/#breadcrumb\",\"itemListElement\":[{\"@type\":\"ListItem\",\"position\":1,\"name\":\"Home\",\"item\":\"https:\\\/\\\/lanaja.sk\\\/cs\\\/\"},{\"@type\":\"ListItem\",\"position\":2,\"name\":\"P\u0159irozen\u00fd dotek\"}]},{\"@type\":\"WebSite\",\"@id\":\"https:\\\/\\\/lanaja.sk\\\/cs\\\/#website\",\"url\":\"https:\\\/\\\/lanaja.sk\\\/cs\\\/\",\"name\":\"Lanaja - bytov\u00fd textil z \u013eanu a \u013eanov\u00e9 v\u00fdrobky\",\"description\":\"Jedine\u010dn\u00fd bytov\u00fd textil, ln\u011bn\u00e9 pytl\u00edky, ln\u011bn\u00e9 ubrusy, ln\u011bn\u00e9 lo\u017en\u00ed povle\u010den\u00ed, ln\u011bn\u00e9 ut\u011brky, ln\u011bn\u00e9 prost\u00edr\u00e1n\u00ed vyroben\u00e9 a \u0161it\u00e9 na Slovensku\",\"publisher\":{\"@id\":\"https:\\\/\\\/lanaja.sk\\\/cs\\\/#organization\"},\"alternateName\":\"Lanaja - v\u00fdrobky z \u013eanu, \u013eanov\u00fd bytov\u00fd textil\",\"potentialAction\":[{\"@type\":\"SearchAction\",\"target\":{\"@type\":\"EntryPoint\",\"urlTemplate\":\"https:\\\/\\\/lanaja.sk\\\/cs\\\/?s={search_term_string}\"},\"query-input\":{\"@type\":\"PropertyValueSpecification\",\"valueRequired\":true,\"valueName\":\"search_term_string\"}}],\"inLanguage\":\"cs\"},{\"@type\":\"Organization\",\"@id\":\"https:\\\/\\\/lanaja.sk\\\/cs\\\/#organization\",\"name\":\"Lanaja\",\"alternateName\":\"Al\u017ebeta Andr\u00e1\u0161ikov\u00e1 - Lanaja\",\"url\":\"https:\\\/\\\/lanaja.sk\\\/cs\\\/\",\"logo\":{\"@type\":\"ImageObject\",\"inLanguage\":\"cs\",\"@id\":\"https:\\\/\\\/lanaja.sk\\\/cs\\\/#\\\/schema\\\/logo\\\/image\\\/\",\"url\":\"https:\\\/\\\/lanaja.sk\\\/wp-content\\\/uploads\\\/2024\\\/01\\\/Lanaja.sk-logo.png\",\"contentUrl\":\"https:\\\/\\\/lanaja.sk\\\/wp-content\\\/uploads\\\/2024\\\/01\\\/Lanaja.sk-logo.png\",\"width\":600,\"height\":300,\"caption\":\"Lanaja\"},\"image\":{\"@id\":\"https:\\\/\\\/lanaja.sk\\\/cs\\\/#\\\/schema\\\/logo\\\/image\\\/\"},\"sameAs\":[\"https:\\\/\\\/www.facebook.com\\\/Abreadbag\",\"https:\\\/\\\/www.instagram.com\\\/lanaja_sk\\\/\"]},{\"@type\":\"Person\",\"@id\":\"https:\\\/\\\/lanaja.sk\\\/cs\\\/#\\\/schema\\\/person\\\/03b484e8a920977800eb66d001ff7437\",\"name\":\"Al\u017ebeta Andr\u00e1\u0161ikov\u00e1\",\"image\":{\"@type\":\"ImageObject\",\"inLanguage\":\"cs\",\"@id\":\"https:\\\/\\\/secure.gravatar.com\\\/avatar\\\/82259c03c46dc4c5e2c3213c2a75239b3f9f30a170c7e18e1b4ea244fd601f8c?s=96&d=mm&r=g\",\"url\":\"https:\\\/\\\/secure.gravatar.com\\\/avatar\\\/82259c03c46dc4c5e2c3213c2a75239b3f9f30a170c7e18e1b4ea244fd601f8c?s=96&d=mm&r=g\",\"contentUrl\":\"https:\\\/\\\/secure.gravatar.com\\\/avatar\\\/82259c03c46dc4c5e2c3213c2a75239b3f9f30a170c7e18e1b4ea244fd601f8c?s=96&d=mm&r=g\",\"caption\":\"Al\u017ebeta Andr\u00e1\u0161ikov\u00e1\"}}]}<\/script>\n<!-- \/ Yoast SEO plugin. -->","yoast_head_json":{"title":"P\u0159irozen\u00fd dotek &#8226; Lanaja-slovensk\u00e1 udr\u017eiteln\u00e1 zna\u010dka a v\u00fdrobce ln\u011bn\u00e9ho textilu","description":"P\u0159irozen\u00e1 barva pr\u00e1dla vytv\u00e1\u0159\u00ed v m\u00edstnosti pocit rovnov\u00e1hy. Je to barva, kter\u00e1 v sob\u011b nese jednoduchost a autenticitu, Danielovo ln\u011bn\u00e9 povle\u010den\u00ed","robots":{"index":"index","follow":"follow","max-snippet":"max-snippet:-1","max-image-preview":"max-image-preview:large","max-video-preview":"max-video-preview:-1"},"canonical":"https:\/\/lanaja.sk\/cs\/prirozeny-dotek\/","og_locale":"cs_CZ","og_type":"article","og_title":"P\u0159irozen\u00fd dotek &#8226; Lanaja-slovensk\u00e1 udr\u017eiteln\u00e1 zna\u010dka a v\u00fdrobce ln\u011bn\u00e9ho textilu","og_description":"P\u0159irozen\u00e1 barva pr\u00e1dla vytv\u00e1\u0159\u00ed v m\u00edstnosti pocit rovnov\u00e1hy. Je to barva, kter\u00e1 v sob\u011b nese jednoduchost a autenticitu, Danielovo ln\u011bn\u00e9 povle\u010den\u00ed","og_url":"https:\/\/lanaja.sk\/cs\/prirozeny-dotek\/","og_site_name":"Lanaja-slovensk\u00e1 udr\u017eiteln\u00e1 zna\u010dka a v\u00fdrobce ln\u011bn\u00e9ho textilu","article_publisher":"https:\/\/www.facebook.com\/Abreadbag","article_published_time":"2023-06-10T17:25:33+00:00","article_modified_time":"2024-05-15T09:59:05+00:00","og_image":[{"width":1365,"height":2048,"url":"https:\/\/lanaja.sk\/wp-content\/uploads\/2023\/06\/DSC04309-jpg.webp","type":"image\/jpeg"}],"author":"Al\u017ebeta Andr\u00e1\u0161ikov\u00e1","twitter_card":"summary_large_image","twitter_misc":{"Napsal(a)":"Al\u017ebeta Andr\u00e1\u0161ikov\u00e1","Odhadovan\u00e1 doba \u010dten\u00ed":"5 minut"},"schema":{"@context":"https:\/\/schema.org","@graph":[{"@type":"Article","@id":"https:\/\/lanaja.sk\/cs\/prirozeny-dotek\/#article","isPartOf":{"@id":"https:\/\/lanaja.sk\/cs\/prirozeny-dotek\/"},"author":{"name":"Al\u017ebeta Andr\u00e1\u0161ikov\u00e1","@id":"https:\/\/lanaja.sk\/cs\/#\/schema\/person\/03b484e8a920977800eb66d001ff7437"},"headline":"P\u0159irozen\u00fd dotek","datePublished":"2023-06-10T17:25:33+00:00","dateModified":"2024-05-15T09:59:05+00:00","mainEntityOfPage":{"@id":"https:\/\/lanaja.sk\/cs\/prirozeny-dotek\/"},"wordCount":1034,"publisher":{"@id":"https:\/\/lanaja.sk\/cs\/#organization"},"image":{"@id":"https:\/\/lanaja.sk\/cs\/prirozeny-dotek\/#primaryimage"},"thumbnailUrl":"https:\/\/lanaja.sk\/wp-content\/uploads\/2023\/06\/DSC04309-jpg.webp","keywords":["Abreadbag","ln\u011bn\u00e1 prost\u011bradla","ln\u011bn\u00e9 v\u00fdrobky","Slovensk\u00e1 zna\u010dka","Slovensk\u00e9 v\u00fdrobky","udr\u017eiteln\u00e1 ta\u0161ka ABreadbag"],"articleSection":["Len"],"inLanguage":"cs"},{"@type":"WebPage","@id":"https:\/\/lanaja.sk\/cs\/prirozeny-dotek\/","url":"https:\/\/lanaja.sk\/cs\/prirozeny-dotek\/","name":"P\u0159irozen\u00fd dotek &#8226; Lanaja-slovensk\u00e1 udr\u017eiteln\u00e1 zna\u010dka a v\u00fdrobce ln\u011bn\u00e9ho textilu","isPartOf":{"@id":"https:\/\/lanaja.sk\/cs\/#website"},"primaryImageOfPage":{"@id":"https:\/\/lanaja.sk\/cs\/prirozeny-dotek\/#primaryimage"},"image":{"@id":"https:\/\/lanaja.sk\/cs\/prirozeny-dotek\/#primaryimage"},"thumbnailUrl":"https:\/\/lanaja.sk\/wp-content\/uploads\/2023\/06\/DSC04309-jpg.webp","datePublished":"2023-06-10T17:25:33+00:00","dateModified":"2024-05-15T09:59:05+00:00","description":"P\u0159irozen\u00e1 barva pr\u00e1dla vytv\u00e1\u0159\u00ed v m\u00edstnosti pocit rovnov\u00e1hy. Je to barva, kter\u00e1 v sob\u011b nese jednoduchost a autenticitu, Danielovo ln\u011bn\u00e9 povle\u010den\u00ed","breadcrumb":{"@id":"https:\/\/lanaja.sk\/cs\/prirozeny-dotek\/#breadcrumb"},"inLanguage":"cs","potentialAction":[{"@type":"ReadAction","target":["https:\/\/lanaja.sk\/cs\/prirozeny-dotek\/"]}]},{"@type":"ImageObject","inLanguage":"cs","@id":"https:\/\/lanaja.sk\/cs\/prirozeny-dotek\/#primaryimage","url":"https:\/\/lanaja.sk\/wp-content\/uploads\/2023\/06\/DSC04309-jpg.webp","contentUrl":"https:\/\/lanaja.sk\/wp-content\/uploads\/2023\/06\/DSC04309-jpg.webp","width":1365,"height":2048,"caption":"Nefarben\u00e9 \u013eanov\u00e9 oblie\u010dky Daniela v pr\u00edrodnej b\u00e9\u017eovej farbe"},{"@type":"BreadcrumbList","@id":"https:\/\/lanaja.sk\/cs\/prirozeny-dotek\/#breadcrumb","itemListElement":[{"@type":"ListItem","position":1,"name":"Home","item":"https:\/\/lanaja.sk\/cs\/"},{"@type":"ListItem","position":2,"name":"P\u0159irozen\u00fd dotek"}]},{"@type":"WebSite","@id":"https:\/\/lanaja.sk\/cs\/#website","url":"https:\/\/lanaja.sk\/cs\/","name":"Lanaja - bytov\u00fd textil z \u013eanu a \u013eanov\u00e9 v\u00fdrobky","description":"Jedine\u010dn\u00fd bytov\u00fd textil, ln\u011bn\u00e9 pytl\u00edky, ln\u011bn\u00e9 ubrusy, ln\u011bn\u00e9 lo\u017en\u00ed povle\u010den\u00ed, ln\u011bn\u00e9 ut\u011brky, ln\u011bn\u00e9 prost\u00edr\u00e1n\u00ed vyroben\u00e9 a \u0161it\u00e9 na Slovensku","publisher":{"@id":"https:\/\/lanaja.sk\/cs\/#organization"},"alternateName":"Lanaja - v\u00fdrobky z \u013eanu, \u013eanov\u00fd bytov\u00fd textil","potentialAction":[{"@type":"SearchAction","target":{"@type":"EntryPoint","urlTemplate":"https:\/\/lanaja.sk\/cs\/?s={search_term_string}"},"query-input":{"@type":"PropertyValueSpecification","valueRequired":true,"valueName":"search_term_string"}}],"inLanguage":"cs"},{"@type":"Organization","@id":"https:\/\/lanaja.sk\/cs\/#organization","name":"Lanaja","alternateName":"Al\u017ebeta Andr\u00e1\u0161ikov\u00e1 - Lanaja","url":"https:\/\/lanaja.sk\/cs\/","logo":{"@type":"ImageObject","inLanguage":"cs","@id":"https:\/\/lanaja.sk\/cs\/#\/schema\/logo\/image\/","url":"https:\/\/lanaja.sk\/wp-content\/uploads\/2024\/01\/Lanaja.sk-logo.png","contentUrl":"https:\/\/lanaja.sk\/wp-content\/uploads\/2024\/01\/Lanaja.sk-logo.png","width":600,"height":300,"caption":"Lanaja"},"image":{"@id":"https:\/\/lanaja.sk\/cs\/#\/schema\/logo\/image\/"},"sameAs":["https:\/\/www.facebook.com\/Abreadbag","https:\/\/www.instagram.com\/lanaja_sk\/"]},{"@type":"Person","@id":"https:\/\/lanaja.sk\/cs\/#\/schema\/person\/03b484e8a920977800eb66d001ff7437","name":"Al\u017ebeta Andr\u00e1\u0161ikov\u00e1","image":{"@type":"ImageObject","inLanguage":"cs","@id":"https:\/\/secure.gravatar.com\/avatar\/82259c03c46dc4c5e2c3213c2a75239b3f9f30a170c7e18e1b4ea244fd601f8c?s=96&d=mm&r=g","url":"https:\/\/secure.gravatar.com\/avatar\/82259c03c46dc4c5e2c3213c2a75239b3f9f30a170c7e18e1b4ea244fd601f8c?s=96&d=mm&r=g","contentUrl":"https:\/\/secure.gravatar.com\/avatar\/82259c03c46dc4c5e2c3213c2a75239b3f9f30a170c7e18e1b4ea244fd601f8c?s=96&d=mm&r=g","caption":"Al\u017ebeta Andr\u00e1\u0161ikov\u00e1"}}]}},"_links":{"self":[{"href":"https:\/\/lanaja.sk\/cs\/wp-json\/wp\/v2\/posts\/13040","targetHints":{"allow":["GET"]}}],"collection":[{"href":"https:\/\/lanaja.sk\/cs\/wp-json\/wp\/v2\/posts"}],"about":[{"href":"https:\/\/lanaja.sk\/cs\/wp-json\/wp\/v2\/types\/post"}],"author":[{"embeddable":true,"href":"https:\/\/lanaja.sk\/cs\/wp-json\/wp\/v2\/users\/2"}],"replies":[{"embeddable":true,"href":"https:\/\/lanaja.sk\/cs\/wp-json\/wp\/v2\/comments?post=13040"}],"version-history":[{"count":1,"href":"https:\/\/lanaja.sk\/cs\/wp-json\/wp\/v2\/posts\/13040\/revisions"}],"predecessor-version":[{"id":13045,"href":"https:\/\/lanaja.sk\/cs\/wp-json\/wp\/v2\/posts\/13040\/revisions\/13045"}],"wp:featuredmedia":[{"embeddable":true,"href":"https:\/\/lanaja.sk\/cs\/wp-json\/wp\/v2\/media\/8790"}],"wp:attachment":[{"href":"https:\/\/lanaja.sk\/cs\/wp-json\/wp\/v2\/media?parent=13040"}],"wp:term":[{"taxonomy":"category","embeddable":true,"href":"https:\/\/lanaja.sk\/cs\/wp-json\/wp\/v2\/categories?post=13040"},{"taxonomy":"post_tag","embeddable":true,"href":"https:\/\/lanaja.sk\/cs\/wp-json\/wp\/v2\/tags?post=13040"}],"curies":[{"name":"wp","href":"https:\/\/api.w.org\/{rel}","templated":true}]}}