{"id":13041,"date":"2023-04-27T18:03:07","date_gmt":"2023-04-27T16:03:07","guid":{"rendered":"https:\/\/lanaja.sk\/vice-nez-jen-rucnik-na-vlasy\/"},"modified":"2024-05-15T11:59:06","modified_gmt":"2024-05-15T09:59:06","slug":"vice-nez-jen-rucnik-na-vlasy","status":"publish","type":"post","link":"https:\/\/lanaja.sk\/cs\/vice-nez-jen-rucnik-na-vlasy\/","title":{"rendered":"V\u00edce ne\u017e jen ru\u010dn\u00edk na vlasy"},"content":{"rendered":"\t\t<div data-elementor-type=\"wp-post\" data-elementor-id=\"13041\" class=\"elementor elementor-13041 elementor-8193\" data-elementor-post-type=\"post\">\n\t\t\t\t<div class=\"elementor-element elementor-element-2289fff e-flex e-con-boxed e-con e-parent\" data-id=\"2289fff\" data-element_type=\"container\" data-e-type=\"container\">\n\t\t\t\t\t<div class=\"e-con-inner\">\n\t\t\t\t<div class=\"elementor-element elementor-element-ed0d107 elementor-widget elementor-widget-heading\" data-id=\"ed0d107\" data-element_type=\"widget\" data-e-type=\"widget\" data-widget_type=\"heading.default\">\n\t\t\t\t<div class=\"elementor-widget-container\">\n\t\t\t\t\t<h2 class=\"elementor-heading-title elementor-size-default\"><a href=\"https:\/\/lanaja.sk\/obchod\/lanove-uteraky-osusky\/lanovy-uterak-turban-na-vlasy\/\" target=\"_blank\">Ln\u011bn\u00fd vaflov\u00fd turban<\/a><\/h2>\t\t\t\t<\/div>\n\t\t\t\t<\/div>\n\t\t\t\t\t<\/div>\n\t\t\t\t<\/div>\n\t\t<div class=\"elementor-element elementor-element-bc9b331 e-flex e-con-boxed e-con e-parent\" data-id=\"bc9b331\" data-element_type=\"container\" data-e-type=\"container\">\n\t\t\t\t\t<div class=\"e-con-inner\">\n\t\t<div class=\"elementor-element elementor-element-d4e3819 e-con-full e-flex e-con e-child\" data-id=\"d4e3819\" data-element_type=\"container\" data-e-type=\"container\">\n\t\t\t\t<div class=\"elementor-element elementor-element-079365e elementor-widget elementor-widget-image\" data-id=\"079365e\" data-element_type=\"widget\" data-e-type=\"widget\" data-widget_type=\"image.default\">\n\t\t\t\t<div class=\"elementor-widget-container\">\n\t\t\t\t\t\t\t\t\t\t\t\t\t\t\t\t<a href=\"https:\/\/lanaja.sk\/obchod\/lanove-uteraky-osusky\/lanovy-uterak-turban-na-vlasy\/\" target=\"_blank\">\n\t\t\t\t\t\t\t<img fetchpriority=\"high\" decoding=\"async\" width=\"478\" height=\"850\" src=\"https:\/\/lanaja.sk\/wp-content\/uploads\/2022\/08\/turban15-e1661165952842-jpg.webp\" class=\"attachment-full size-full wp-image-7369\" alt=\"Turban do vlas\u016f\" srcset=\"https:\/\/lanaja.sk\/wp-content\/uploads\/2022\/08\/turban15-e1661165952842-jpg.webp 478w, https:\/\/lanaja.sk\/wp-content\/uploads\/2022\/08\/turban15-e1661165952842-jpg-300x533.webp 300w, https:\/\/lanaja.sk\/wp-content\/uploads\/2022\/08\/turban15-e1661165952842-169x300.webp 169w, https:\/\/lanaja.sk\/wp-content\/uploads\/2022\/08\/turban15-e1661165952842-400x711.jpg 400w, https:\/\/lanaja.sk\/wp-content\/uploads\/2022\/08\/turban15-e1661165952842-112x200.jpg 112w\" sizes=\"(max-width: 478px) 100vw, 478px\" \/>\t\t\t\t\t\t\t\t<\/a>\n\t\t\t\t\t\t\t\t\t\t\t\t\t\t\t<\/div>\n\t\t\t\t<\/div>\n\t\t\t\t<\/div>\n\t\t<div class=\"elementor-element elementor-element-463e605 e-con-full e-flex e-con e-child\" data-id=\"463e605\" data-element_type=\"container\" data-e-type=\"container\">\n\t\t\t\t<div class=\"elementor-element elementor-element-89b3df4 elementor-widget elementor-widget-text-editor\" data-id=\"89b3df4\" data-element_type=\"widget\" data-e-type=\"widget\" data-widget_type=\"text-editor.default\">\n\t\t\t\t<div class=\"elementor-widget-container\">\n\t\t\t\t\t\t\t\t\t<p>Ur\u010dit\u011b jste ji\u017e mnohokr\u00e1t sly\u0161eli o vlasov\u00e9m turbanu, kter\u00fd je skv\u011bl\u00fdm pomocn\u00edkem p\u0159i su\u0161en\u00ed vlas\u016f. Ale co kdybych v\u00e1m \u0159ekla, \u017ee n\u00e1\u0161 <strong>ln\u011bn\u00fd vaflov\u00fd turban je mnohem v\u00edc ne\u017e jen ru\u010dn\u00edk? <\/strong> <\/p>\n<div class=\"\" data-block=\"true\" data-editor=\"ebn3c\" data-offset-key=\"dvhcp-0-0\">\n<div class=\"_1mf _1mj\" data-offset-key=\"dvhcp-0-0\"><span data-offset-key=\"dvhcp-0-0\">V na\u0161\u00ed d\u00edln\u011b Lanaja \u0161ijeme vaflov\u00e9 turbany, kter\u00e9 va\u0161im vlas\u016fm dodaj\u00ed jedine\u010dnou p\u00e9\u010di a ochranu, kterou si zaslou\u017e\u00ed.<\/span><\/div>\n<\/div>\n<div class=\"\" data-block=\"true\" data-editor=\"ebn3c\" data-offset-key=\"8scoe-0-0\"> <\/div>\n<p>Ln\u011bn\u00fd vaflov\u00fd turban nav\u00edc nab\u00edz\u00ed mnoho v\u00fdhod, kter\u00e9 v\u00e1s jist\u011b zaujmou. Jeho jedine\u010dn\u00fd tvar umo\u017e\u0148uje snadn\u00e9 a pohodln\u00e9 zabalen\u00ed vlas\u016f bez zbyte\u010dn\u00fdch komplikac\u00ed. Nav\u00edc je vhodn\u00fd pro v\u0161echny typy vlas\u016f, a\u0165 u\u017e jsou kr\u00e1tk\u00e9, dlouh\u00e9, rovn\u00e9 nebo kudrnat\u00e9.<\/p>\n<p>Zn\u00e1te ten pocit po umyt\u00ed vlas\u016f? Kdy\u017e je nem\u016f\u017eete vysu\u0161it a st\u00e1le z nich te\u010dou kapky vody? A to nen\u00ed v\u0161e &#8211; zachyt\u00ed se, p\u0159ilep\u00ed se a stanou se z nich mokr\u00e9 neu\u010desan\u00e9 prameny, kter\u00e9 vypadaly hezky jen na modelu z obalu \u0161amponu.<\/p>\n<p>Nezoufejte, m\u00e1me pro v\u00e1s \u0159e\u0161en\u00ed. A\u0165 u\u017e tedy m\u00e1te jak\u00fdkoli typ vlas\u016f, a\u0165 u\u017e si koup\u00edte \u0161ampon v obchod\u011b, nebo jste zast\u00e1ncem p\u0159\u00edrodn\u00ed kosmetiky, r\u00e1di si doma vyr\u00e1b\u00edte nap\u0159\u00edklad p\u0159\u00edrodn\u00ed masky. z avok\u00e1da? Ln\u011bn\u00fd vaflov\u00fd turban na vlasy od Lanaja je pro v\u00e1s praktick\u00fdm \u0159e\u0161en\u00edm a stane se va\u0161\u00edm v\u011brn\u00fdm p\u0159\u00edtelem.  <\/p>\n\t\t\t\t\t\t\t\t<\/div>\n\t\t\t\t<\/div>\n\t\t\t\t<\/div>\n\t\t\t\t\t<\/div>\n\t\t\t\t<\/div>\n\t\t<div class=\"elementor-element elementor-element-9d8588a e-flex e-con-boxed e-con e-parent\" data-id=\"9d8588a\" data-element_type=\"container\" data-e-type=\"container\">\n\t\t\t\t\t<div class=\"e-con-inner\">\n\t\t\t\t<div class=\"elementor-element elementor-element-db549a2 elementor-widget-divider--view-line elementor-widget elementor-widget-divider\" data-id=\"db549a2\" data-element_type=\"widget\" data-e-type=\"widget\" data-widget_type=\"divider.default\">\n\t\t\t\t<div class=\"elementor-widget-container\">\n\t\t\t\t\t\t\t<div class=\"elementor-divider\">\n\t\t\t<span class=\"elementor-divider-separator\">\n\t\t\t\t\t\t<\/span>\n\t\t<\/div>\n\t\t\t\t\t\t<\/div>\n\t\t\t\t<\/div>\n\t\t\t\t\t<\/div>\n\t\t\t\t<\/div>\n\t\t<div class=\"elementor-element elementor-element-d463b02 e-flex e-con-boxed e-con e-parent\" data-id=\"d463b02\" data-element_type=\"container\" data-e-type=\"container\">\n\t\t\t\t\t<div class=\"e-con-inner\">\n\t\t<div class=\"elementor-element elementor-element-2064050 e-con-full e-flex e-con e-child\" data-id=\"2064050\" data-element_type=\"container\" data-e-type=\"container\">\n\t\t\t\t<div class=\"elementor-element elementor-element-e2ed3ff elementor-widget elementor-widget-text-editor\" data-id=\"e2ed3ff\" data-element_type=\"widget\" data-e-type=\"widget\" data-widget_type=\"text-editor.default\">\n\t\t\t\t<div class=\"elementor-widget-container\">\n\t\t\t\t\t\t\t\t\t<p>N\u011bkdy je balen\u00ed vlas\u016f do klasick\u00e9ho ru\u010dn\u00edku obt\u00ed\u017en\u00e9, ru\u010dn\u00edk klou\u017ee a nedr\u017e\u00ed, s ln\u011bn\u00fdmi turbany je probl\u00e9m rychle vy\u0159e\u0161en. Nen\u00ed nic jednodu\u0161\u0161\u00edho a vhodn\u011bj\u0161\u00edho pro su\u0161en\u00ed vlas\u016f ne\u017e ln\u011bn\u00fd ru\u010dn\u00edk &#8211; turban na vlasy. S n\u00edm m\u016f\u017eete vlasy bezpe\u010dn\u011b vysu\u0161it, bez zbyte\u010dn\u00e9ho t\u0159en\u00ed a po\u0161kozen\u00ed. Praktick\u00e1 smy\u010dka s elastick\u00fdm p\u00e1skem a tla\u010d\u00edtkem pom\u00e1h\u00e1 zajistit, aby turban pevn\u011b dr\u017eel a nespadl z hlavy. Ln\u011bn\u00e9 turbany jsou tvarovan\u00e9, m\u011bkk\u00e9, sav\u00e9 a rychle schnou.<\/p>\n<p>M\u016f\u017eete je pou\u017e\u00edt nejen po umyt\u00ed vlas\u016f, ale tak\u00e9 pro vlasov\u00e9 z\u00e1baly, nap\u0159\u00edklad v kosmetick\u00fdch procedur\u00e1ch. rou\u0161ky, na make-up, na dovolen\u00e9, u baz\u00e9nu, na pl\u00e1\u017ei jako ochrana p\u0159ed slune\u010dn\u00edmi paprsky.<\/p>\n<p>V na\u0161\u00ed d\u00edln\u011b \u0161ijeme ln\u011bn\u00e9 ru\u010dn\u00edky a ru\u010dn\u00edky p\u0159ev\u00e1\u017en\u011b ze sm\u011bsi lnu a bavlny pro dosa\u017een\u00ed maxim\u00e1ln\u00ed odolnosti, savosti a m\u011bkkosti. M\u016f\u017eete kombinovat s TU ln\u011bn\u00fdmi \u017eupany<a href=\"https:\/\/lanaja.sk\/obchod\/kupelna\/lanove-zupany\/lanovy-vaflovy-zupan\/?swcfpc=1\" target=\"_blank\" rel=\"noopener\">, ln\u011bn\u00fdmi ru\u010dn\u00edky, ru\u010dn\u00edky nebo \u017e\u00ednkami <\/a><a href=\"https:\/\/lanaja.sk\/cs\/kategoria-produktu\/povlecene-rucniky-a-osusky\/?swcfpc=1\" target=\"_blank\" rel=\"noopener\">TU<\/a>. Na\u0161e v\u00fdrobky k v\u00e1m p\u0159ijdou zabalen\u00e9 v d\u00e1rkov\u00e9 krabi\u010dce, stejn\u011b jako v\u0161echny produkty od n\u00e1s.<\/p><\/p>\n\t\t\t\t\t\t\t\t<\/div>\n\t\t\t\t<\/div>\n\t\t\t\t<\/div>\n\t\t<div class=\"elementor-element elementor-element-61b62d2 e-con-full e-flex e-con e-child\" data-id=\"61b62d2\" data-element_type=\"container\" data-e-type=\"container\">\n\t\t\t\t<div class=\"elementor-element elementor-element-e923e62 elementor-widget elementor-widget-image\" data-id=\"e923e62\" data-element_type=\"widget\" data-e-type=\"widget\" data-widget_type=\"image.default\">\n\t\t\t\t<div class=\"elementor-widget-container\">\n\t\t\t\t\t\t\t\t\t\t\t\t\t\t\t\t<a href=\"https:\/\/lanaja.sk\/obchod\/lanove-uteraky-osusky\/lanovy-uterak-turban-na-vlasy\/\" target=\"_blank\">\n\t\t\t\t\t\t\t<img decoding=\"async\" width=\"870\" height=\"850\" src=\"https:\/\/lanaja.sk\/wp-content\/uploads\/2022\/08\/turban12-e1661165799239-jpg.webp\" class=\"attachment-full size-full wp-image-7367\" alt=\"ln\u011bn\u00fd ru\u010dn\u00edk na vlasy\" srcset=\"https:\/\/lanaja.sk\/wp-content\/uploads\/2022\/08\/turban12-e1661165799239-jpg.webp 870w, https:\/\/lanaja.sk\/wp-content\/uploads\/2022\/08\/turban12-e1661165799239-jpg-800x782.webp 800w, https:\/\/lanaja.sk\/wp-content\/uploads\/2022\/08\/turban12-e1661165799239-300x293.webp 300w, https:\/\/lanaja.sk\/wp-content\/uploads\/2022\/08\/turban12-e1661165799239-768x750.webp 768w, https:\/\/lanaja.sk\/wp-content\/uploads\/2022\/08\/turban12-e1661165799239-500x489.jpg 500w, https:\/\/lanaja.sk\/wp-content\/uploads\/2022\/08\/turban12-e1661165799239-205x200.jpg 205w, https:\/\/lanaja.sk\/wp-content\/uploads\/2022\/08\/turban12-e1661165799239-600x586.jpg 600w\" sizes=\"(max-width: 870px) 100vw, 870px\" \/>\t\t\t\t\t\t\t\t<\/a>\n\t\t\t\t\t\t\t\t\t\t\t\t\t\t\t<\/div>\n\t\t\t\t<\/div>\n\t\t\t\t<\/div>\n\t\t\t\t\t<\/div>\n\t\t\t\t<\/div>\n\t\t<div class=\"elementor-element elementor-element-026781c e-flex e-con-boxed e-con e-parent\" data-id=\"026781c\" data-element_type=\"container\" data-e-type=\"container\">\n\t\t\t\t\t<div class=\"e-con-inner\">\n\t\t\t\t<div class=\"elementor-element elementor-element-4e80696 elementor-widget-divider--view-line elementor-widget elementor-widget-divider\" data-id=\"4e80696\" data-element_type=\"widget\" data-e-type=\"widget\" data-widget_type=\"divider.default\">\n\t\t\t\t<div class=\"elementor-widget-container\">\n\t\t\t\t\t\t\t<div class=\"elementor-divider\">\n\t\t\t<span class=\"elementor-divider-separator\">\n\t\t\t\t\t\t<\/span>\n\t\t<\/div>\n\t\t\t\t\t\t<\/div>\n\t\t\t\t<\/div>\n\t\t\t\t\t<\/div>\n\t\t\t\t<\/div>\n\t\t<div class=\"elementor-element elementor-element-cc125cb e-flex e-con-boxed e-con e-parent\" data-id=\"cc125cb\" data-element_type=\"container\" data-e-type=\"container\">\n\t\t\t\t\t<div class=\"e-con-inner\">\n\t\t\t\t<div class=\"elementor-element elementor-element-c8bd9ad elementor-widget elementor-widget-text-editor\" data-id=\"c8bd9ad\" data-element_type=\"widget\" data-e-type=\"widget\" data-widget_type=\"text-editor.default\">\n\t\t\t\t<div class=\"elementor-widget-container\">\n\t\t\t\t\t\t\t\t\t<p>Pokud hled\u00e1te n\u011bco, co je nejen kvalitn\u00ed a funk\u010dn\u00ed, ale tak\u00e9 etick\u00e9 a udr\u017eiteln\u00e9, n\u00e1\u0161 ln\u011bn\u00fd vaflov\u00fd turban do vlas\u016f je pro v\u00e1s tou spr\u00e1vnou volbou. Va\u0161e vlasy v\u00e1m za to ur\u010dit\u011b pod\u011bkuj\u00ed. Jsme hrd\u00ed na to, \u017ee jsme se rozhodli vyr\u00e1b\u011bt na\u0161e produkty tak, aby byly nejen kvalitn\u00ed, ale tak\u00e9 \u0161etrn\u00e9 k \u017eivotn\u00edmu prost\u0159ed\u00ed. Proto pou\u017e\u00edv\u00e1me jen ty nejlep\u0161\u00ed materi\u00e1ly, certifikovan\u00e9 a testovan\u00e9 l\u00e1tky, kter\u00e9 zaru\u010duj\u00ed, \u017ee v\u00e1m n\u00e1\u0161 ln\u011bn\u00fd vaflov\u00fd turban bude slou\u017eit ke spokojenosti po dlouhou dobu, ani\u017e by po\u0161kozoval a zat\u011b\u017eoval na\u0161i p\u0159\u00edrodu a \u017eivotn\u00ed prost\u0159ed\u00ed.<\/p>\n<p>S radost\u00ed a \u00fasm\u011bvem, Betka a t\u00fdm Lanaja!  <\/p>\n\t\t\t\t\t\t\t\t<\/div>\n\t\t\t\t<\/div>\n\t\t\t\t\t<\/div>\n\t\t\t\t<\/div>\n\t\t<div class=\"elementor-element elementor-element-5a71576 e-flex e-con-boxed e-con e-parent\" data-id=\"5a71576\" data-element_type=\"container\" data-e-type=\"container\">\n\t\t\t\t\t<div class=\"e-con-inner\">\n\t\t\t\t<div class=\"elementor-element elementor-element-42fd6b4 elementor-widget-divider--view-line elementor-widget elementor-widget-divider\" data-id=\"42fd6b4\" data-element_type=\"widget\" data-e-type=\"widget\" data-widget_type=\"divider.default\">\n\t\t\t\t<div class=\"elementor-widget-container\">\n\t\t\t\t\t\t\t<div class=\"elementor-divider\">\n\t\t\t<span class=\"elementor-divider-separator\">\n\t\t\t\t\t\t<\/span>\n\t\t<\/div>\n\t\t\t\t\t\t<\/div>\n\t\t\t\t<\/div>\n\t\t\t\t\t<\/div>\n\t\t\t\t<\/div>\n\t\t<div class=\"elementor-element elementor-element-e48ca29 e-con-full e-flex e-con e-parent\" data-id=\"e48ca29\" data-element_type=\"container\" data-e-type=\"container\">\n\t\t\t\t<div class=\"elementor-element elementor-element-a5e4504 elementor-widget elementor-widget-video\" data-id=\"a5e4504\" data-element_type=\"widget\" data-e-type=\"widget\" data-settings=\"{&quot;video_type&quot;:&quot;hosted&quot;,&quot;controls&quot;:&quot;yes&quot;}\" data-widget_type=\"video.default\">\n\t\t\t\t<div class=\"elementor-widget-container\">\n\t\t\t\t\t\t\t<div class=\"e-hosted-video elementor-wrapper elementor-open-inline\">\n\t\t\t\t\t<video class=\"elementor-video\" src=\"https:\/\/lanaja.sk\/wp-content\/uploads\/2023\/04\/929e2b95156a459db07fe7cb2b0f4853.mp4\" controls=\"\" preload=\"metadata\" controlsList=\"nodownload\"><\/video>\n\t\t\t\t<\/div>\n\t\t\t\t\t\t<\/div>\n\t\t\t\t<\/div>\n\t\t\t\t<\/div>\n\t\t<div class=\"elementor-element elementor-element-5c36f27 e-flex e-con-boxed e-con e-parent\" data-id=\"5c36f27\" data-element_type=\"container\" data-e-type=\"container\">\n\t\t\t\t\t<div class=\"e-con-inner\">\n\t\t\t\t<div class=\"elementor-element elementor-element-36b34e7 elementor-widget-divider--view-line elementor-widget elementor-widget-divider\" data-id=\"36b34e7\" data-element_type=\"widget\" data-e-type=\"widget\" data-widget_type=\"divider.default\">\n\t\t\t\t<div class=\"elementor-widget-container\">\n\t\t\t\t\t\t\t<div class=\"elementor-divider\">\n\t\t\t<span class=\"elementor-divider-separator\">\n\t\t\t\t\t\t<\/span>\n\t\t<\/div>\n\t\t\t\t\t\t<\/div>\n\t\t\t\t<\/div>\n\t\t\t\t\t<\/div>\n\t\t\t\t<\/div>\n\t\t\t\t<\/div>\n\t\t","protected":false},"excerpt":{"rendered":"<p>Ln\u011bn\u00fd vaflov\u00fd turban Ur\u010dit\u011b jste ji\u017e mnohokr\u00e1t sly\u0161eli o vlasov\u00e9m turbanu, kter\u00fd je skv\u011bl\u00fdm pomocn\u00edkem p\u0159i su\u0161en\u00ed vlas\u016f. Ale co kdybych v\u00e1m \u0159ekla, \u017ee n\u00e1\u0161 ln\u011bn\u00fd vaflov\u00fd turban je mnohem v\u00edc ne\u017e jen ru\u010dn\u00edk? V na\u0161\u00ed d\u00edln\u011b Lanaja \u0161ijeme vaflov\u00e9 turbany, kter\u00e9 va\u0161im vlas\u016fm dodaj\u00ed jedine\u010dnou p\u00e9\u010di a ochranu, kterou si zaslou\u017e\u00ed. Ln\u011bn\u00fd vaflov\u00fd turban [&hellip;]<\/p>\n","protected":false},"author":2,"featured_media":7364,"comment_status":"closed","ping_status":"closed","sticky":false,"template":"","format":"standard","meta":{"footnotes":""},"categories":[165],"tags":[169,166,328,329,327,170],"class_list":["post-13041","post","type-post","status-publish","format-standard","has-post-thumbnail","hentry","category-len","tag-abreadbag-cs","tag-lnene-vyrobky","tag-lneny-rucnik","tag-lneny-rucnik-cs","tag-lneny-turban","tag-slovenska-znacka-cs"],"yoast_head":"<!-- This site is optimized with the Yoast SEO plugin v27.4 - https:\/\/yoast.com\/product\/yoast-seo-wordpress\/ -->\n<title>V\u00edce ne\u017e jen ru\u010dn\u00edk na vlasy &#8226; Lanaja-slovensk\u00e1 udr\u017eiteln\u00e1 zna\u010dka a v\u00fdrobce ln\u011bn\u00e9ho textilu<\/title>\n<meta name=\"description\" content=\"V Abreadbagu \u0161ijeme ln\u011bn\u00e9 turbany do vlas\u016f, abychom vlas\u016fm poskytli jedine\u010dnou p\u00e9\u010di a ochranu, kterou si zaslou\u017e\u00ed, vlasov\u00fd turban\" \/>\n<meta name=\"robots\" content=\"index, follow, max-snippet:-1, max-image-preview:large, max-video-preview:-1\" \/>\n<link rel=\"canonical\" href=\"https:\/\/lanaja.sk\/cs\/vice-nez-jen-rucnik-na-vlasy\/\" \/>\n<meta property=\"og:locale\" content=\"cs_CZ\" \/>\n<meta property=\"og:type\" content=\"article\" \/>\n<meta property=\"og:title\" content=\"V\u00edce ne\u017e jen ru\u010dn\u00edk na vlasy &#8226; Lanaja-slovensk\u00e1 udr\u017eiteln\u00e1 zna\u010dka a v\u00fdrobce ln\u011bn\u00e9ho textilu\" \/>\n<meta property=\"og:description\" content=\"V Abreadbagu \u0161ijeme ln\u011bn\u00e9 turbany do vlas\u016f, abychom vlas\u016fm poskytli jedine\u010dnou p\u00e9\u010di a ochranu, kterou si zaslou\u017e\u00ed, vlasov\u00fd turban\" \/>\n<meta property=\"og:url\" content=\"https:\/\/lanaja.sk\/cs\/vice-nez-jen-rucnik-na-vlasy\/\" \/>\n<meta property=\"og:site_name\" content=\"Lanaja-slovensk\u00e1 udr\u017eiteln\u00e1 zna\u010dka a v\u00fdrobce ln\u011bn\u00e9ho textilu\" \/>\n<meta property=\"article:publisher\" content=\"https:\/\/www.facebook.com\/Abreadbag\" \/>\n<meta property=\"article:published_time\" content=\"2023-04-27T16:03:07+00:00\" \/>\n<meta property=\"article:modified_time\" content=\"2024-05-15T09:59:06+00:00\" \/>\n<meta property=\"og:image\" content=\"https:\/\/lanaja.sk\/wp-content\/uploads\/2022\/08\/turban2-e1661165604825-jpg.webp\" \/>\n\t<meta property=\"og:image:width\" content=\"638\" \/>\n\t<meta property=\"og:image:height\" content=\"850\" \/>\n\t<meta property=\"og:image:type\" content=\"image\/jpeg\" \/>\n<meta name=\"author\" content=\"Al\u017ebeta Andr\u00e1\u0161ikov\u00e1\" \/>\n<meta name=\"twitter:card\" content=\"summary_large_image\" \/>\n<meta name=\"twitter:label1\" content=\"Napsal(a)\" \/>\n\t<meta name=\"twitter:data1\" content=\"Al\u017ebeta Andr\u00e1\u0161ikov\u00e1\" \/>\n\t<meta name=\"twitter:label2\" content=\"Odhadovan\u00e1 doba \u010dten\u00ed\" \/>\n\t<meta name=\"twitter:data2\" content=\"3 minuty\" \/>\n<script type=\"application\/ld+json\" class=\"yoast-schema-graph\">{\"@context\":\"https:\\\/\\\/schema.org\",\"@graph\":[{\"@type\":\"Article\",\"@id\":\"https:\\\/\\\/lanaja.sk\\\/cs\\\/vice-nez-jen-rucnik-na-vlasy\\\/#article\",\"isPartOf\":{\"@id\":\"https:\\\/\\\/lanaja.sk\\\/cs\\\/vice-nez-jen-rucnik-na-vlasy\\\/\"},\"author\":{\"name\":\"Al\u017ebeta Andr\u00e1\u0161ikov\u00e1\",\"@id\":\"https:\\\/\\\/lanaja.sk\\\/cs\\\/#\\\/schema\\\/person\\\/03b484e8a920977800eb66d001ff7437\"},\"headline\":\"V\u00edce ne\u017e jen ru\u010dn\u00edk na vlasy\",\"datePublished\":\"2023-04-27T16:03:07+00:00\",\"dateModified\":\"2024-05-15T09:59:06+00:00\",\"mainEntityOfPage\":{\"@id\":\"https:\\\/\\\/lanaja.sk\\\/cs\\\/vice-nez-jen-rucnik-na-vlasy\\\/\"},\"wordCount\":625,\"publisher\":{\"@id\":\"https:\\\/\\\/lanaja.sk\\\/cs\\\/#organization\"},\"image\":{\"@id\":\"https:\\\/\\\/lanaja.sk\\\/cs\\\/vice-nez-jen-rucnik-na-vlasy\\\/#primaryimage\"},\"thumbnailUrl\":\"https:\\\/\\\/lanaja.sk\\\/wp-content\\\/uploads\\\/2022\\\/08\\\/turban2-e1661165604825-jpg.webp\",\"keywords\":[\"Abreadbag\",\"ln\u011bn\u00e9 v\u00fdrobky\",\"ln\u011bn\u00fd ru\u010dn\u00edk\",\"ln\u011bn\u00fd ru\u010dn\u00edk\",\"Ln\u011bn\u00fd turban\",\"Slovensk\u00e1 zna\u010dka\"],\"articleSection\":[\"Len\"],\"inLanguage\":\"cs\"},{\"@type\":\"WebPage\",\"@id\":\"https:\\\/\\\/lanaja.sk\\\/cs\\\/vice-nez-jen-rucnik-na-vlasy\\\/\",\"url\":\"https:\\\/\\\/lanaja.sk\\\/cs\\\/vice-nez-jen-rucnik-na-vlasy\\\/\",\"name\":\"V\u00edce ne\u017e jen ru\u010dn\u00edk na vlasy &#8226; Lanaja-slovensk\u00e1 udr\u017eiteln\u00e1 zna\u010dka a v\u00fdrobce ln\u011bn\u00e9ho textilu\",\"isPartOf\":{\"@id\":\"https:\\\/\\\/lanaja.sk\\\/cs\\\/#website\"},\"primaryImageOfPage\":{\"@id\":\"https:\\\/\\\/lanaja.sk\\\/cs\\\/vice-nez-jen-rucnik-na-vlasy\\\/#primaryimage\"},\"image\":{\"@id\":\"https:\\\/\\\/lanaja.sk\\\/cs\\\/vice-nez-jen-rucnik-na-vlasy\\\/#primaryimage\"},\"thumbnailUrl\":\"https:\\\/\\\/lanaja.sk\\\/wp-content\\\/uploads\\\/2022\\\/08\\\/turban2-e1661165604825-jpg.webp\",\"datePublished\":\"2023-04-27T16:03:07+00:00\",\"dateModified\":\"2024-05-15T09:59:06+00:00\",\"description\":\"V Abreadbagu \u0161ijeme ln\u011bn\u00e9 turbany do vlas\u016f, abychom vlas\u016fm poskytli jedine\u010dnou p\u00e9\u010di a ochranu, kterou si zaslou\u017e\u00ed, vlasov\u00fd turban\",\"breadcrumb\":{\"@id\":\"https:\\\/\\\/lanaja.sk\\\/cs\\\/vice-nez-jen-rucnik-na-vlasy\\\/#breadcrumb\"},\"inLanguage\":\"cs\",\"potentialAction\":[{\"@type\":\"ReadAction\",\"target\":[\"https:\\\/\\\/lanaja.sk\\\/cs\\\/vice-nez-jen-rucnik-na-vlasy\\\/\"]}]},{\"@type\":\"ImageObject\",\"inLanguage\":\"cs\",\"@id\":\"https:\\\/\\\/lanaja.sk\\\/cs\\\/vice-nez-jen-rucnik-na-vlasy\\\/#primaryimage\",\"url\":\"https:\\\/\\\/lanaja.sk\\\/wp-content\\\/uploads\\\/2022\\\/08\\\/turban2-e1661165604825-jpg.webp\",\"contentUrl\":\"https:\\\/\\\/lanaja.sk\\\/wp-content\\\/uploads\\\/2022\\\/08\\\/turban2-e1661165604825-jpg.webp\",\"width\":638,\"height\":850,\"caption\":\"Turban do vlas\u016f\"},{\"@type\":\"BreadcrumbList\",\"@id\":\"https:\\\/\\\/lanaja.sk\\\/cs\\\/vice-nez-jen-rucnik-na-vlasy\\\/#breadcrumb\",\"itemListElement\":[{\"@type\":\"ListItem\",\"position\":1,\"name\":\"Home\",\"item\":\"https:\\\/\\\/lanaja.sk\\\/cs\\\/\"},{\"@type\":\"ListItem\",\"position\":2,\"name\":\"V\u00edce ne\u017e jen ru\u010dn\u00edk na vlasy\"}]},{\"@type\":\"WebSite\",\"@id\":\"https:\\\/\\\/lanaja.sk\\\/cs\\\/#website\",\"url\":\"https:\\\/\\\/lanaja.sk\\\/cs\\\/\",\"name\":\"Lanaja - bytov\u00fd textil z \u013eanu a \u013eanov\u00e9 v\u00fdrobky\",\"description\":\"Jedine\u010dn\u00fd bytov\u00fd textil, ln\u011bn\u00e9 pytl\u00edky, ln\u011bn\u00e9 ubrusy, ln\u011bn\u00e9 lo\u017en\u00ed povle\u010den\u00ed, ln\u011bn\u00e9 ut\u011brky, ln\u011bn\u00e9 prost\u00edr\u00e1n\u00ed vyroben\u00e9 a \u0161it\u00e9 na Slovensku\",\"publisher\":{\"@id\":\"https:\\\/\\\/lanaja.sk\\\/cs\\\/#organization\"},\"alternateName\":\"Lanaja - v\u00fdrobky z \u013eanu, \u013eanov\u00fd bytov\u00fd textil\",\"potentialAction\":[{\"@type\":\"SearchAction\",\"target\":{\"@type\":\"EntryPoint\",\"urlTemplate\":\"https:\\\/\\\/lanaja.sk\\\/cs\\\/?s={search_term_string}\"},\"query-input\":{\"@type\":\"PropertyValueSpecification\",\"valueRequired\":true,\"valueName\":\"search_term_string\"}}],\"inLanguage\":\"cs\"},{\"@type\":\"Organization\",\"@id\":\"https:\\\/\\\/lanaja.sk\\\/cs\\\/#organization\",\"name\":\"Lanaja\",\"alternateName\":\"Al\u017ebeta Andr\u00e1\u0161ikov\u00e1 - Lanaja\",\"url\":\"https:\\\/\\\/lanaja.sk\\\/cs\\\/\",\"logo\":{\"@type\":\"ImageObject\",\"inLanguage\":\"cs\",\"@id\":\"https:\\\/\\\/lanaja.sk\\\/cs\\\/#\\\/schema\\\/logo\\\/image\\\/\",\"url\":\"https:\\\/\\\/lanaja.sk\\\/wp-content\\\/uploads\\\/2024\\\/01\\\/Lanaja.sk-logo.png\",\"contentUrl\":\"https:\\\/\\\/lanaja.sk\\\/wp-content\\\/uploads\\\/2024\\\/01\\\/Lanaja.sk-logo.png\",\"width\":600,\"height\":300,\"caption\":\"Lanaja\"},\"image\":{\"@id\":\"https:\\\/\\\/lanaja.sk\\\/cs\\\/#\\\/schema\\\/logo\\\/image\\\/\"},\"sameAs\":[\"https:\\\/\\\/www.facebook.com\\\/Abreadbag\",\"https:\\\/\\\/www.instagram.com\\\/lanaja_sk\\\/\"]},{\"@type\":\"Person\",\"@id\":\"https:\\\/\\\/lanaja.sk\\\/cs\\\/#\\\/schema\\\/person\\\/03b484e8a920977800eb66d001ff7437\",\"name\":\"Al\u017ebeta Andr\u00e1\u0161ikov\u00e1\",\"image\":{\"@type\":\"ImageObject\",\"inLanguage\":\"cs\",\"@id\":\"https:\\\/\\\/secure.gravatar.com\\\/avatar\\\/82259c03c46dc4c5e2c3213c2a75239b3f9f30a170c7e18e1b4ea244fd601f8c?s=96&d=mm&r=g\",\"url\":\"https:\\\/\\\/secure.gravatar.com\\\/avatar\\\/82259c03c46dc4c5e2c3213c2a75239b3f9f30a170c7e18e1b4ea244fd601f8c?s=96&d=mm&r=g\",\"contentUrl\":\"https:\\\/\\\/secure.gravatar.com\\\/avatar\\\/82259c03c46dc4c5e2c3213c2a75239b3f9f30a170c7e18e1b4ea244fd601f8c?s=96&d=mm&r=g\",\"caption\":\"Al\u017ebeta Andr\u00e1\u0161ikov\u00e1\"}}]}<\/script>\n<!-- \/ Yoast SEO plugin. -->","yoast_head_json":{"title":"V\u00edce ne\u017e jen ru\u010dn\u00edk na vlasy &#8226; Lanaja-slovensk\u00e1 udr\u017eiteln\u00e1 zna\u010dka a v\u00fdrobce ln\u011bn\u00e9ho textilu","description":"V Abreadbagu \u0161ijeme ln\u011bn\u00e9 turbany do vlas\u016f, abychom vlas\u016fm poskytli jedine\u010dnou p\u00e9\u010di a ochranu, kterou si zaslou\u017e\u00ed, vlasov\u00fd turban","robots":{"index":"index","follow":"follow","max-snippet":"max-snippet:-1","max-image-preview":"max-image-preview:large","max-video-preview":"max-video-preview:-1"},"canonical":"https:\/\/lanaja.sk\/cs\/vice-nez-jen-rucnik-na-vlasy\/","og_locale":"cs_CZ","og_type":"article","og_title":"V\u00edce ne\u017e jen ru\u010dn\u00edk na vlasy &#8226; Lanaja-slovensk\u00e1 udr\u017eiteln\u00e1 zna\u010dka a v\u00fdrobce ln\u011bn\u00e9ho textilu","og_description":"V Abreadbagu \u0161ijeme ln\u011bn\u00e9 turbany do vlas\u016f, abychom vlas\u016fm poskytli jedine\u010dnou p\u00e9\u010di a ochranu, kterou si zaslou\u017e\u00ed, vlasov\u00fd turban","og_url":"https:\/\/lanaja.sk\/cs\/vice-nez-jen-rucnik-na-vlasy\/","og_site_name":"Lanaja-slovensk\u00e1 udr\u017eiteln\u00e1 zna\u010dka a v\u00fdrobce ln\u011bn\u00e9ho textilu","article_publisher":"https:\/\/www.facebook.com\/Abreadbag","article_published_time":"2023-04-27T16:03:07+00:00","article_modified_time":"2024-05-15T09:59:06+00:00","og_image":[{"width":638,"height":850,"url":"https:\/\/lanaja.sk\/wp-content\/uploads\/2022\/08\/turban2-e1661165604825-jpg.webp","type":"image\/jpeg"}],"author":"Al\u017ebeta Andr\u00e1\u0161ikov\u00e1","twitter_card":"summary_large_image","twitter_misc":{"Napsal(a)":"Al\u017ebeta Andr\u00e1\u0161ikov\u00e1","Odhadovan\u00e1 doba \u010dten\u00ed":"3 minuty"},"schema":{"@context":"https:\/\/schema.org","@graph":[{"@type":"Article","@id":"https:\/\/lanaja.sk\/cs\/vice-nez-jen-rucnik-na-vlasy\/#article","isPartOf":{"@id":"https:\/\/lanaja.sk\/cs\/vice-nez-jen-rucnik-na-vlasy\/"},"author":{"name":"Al\u017ebeta Andr\u00e1\u0161ikov\u00e1","@id":"https:\/\/lanaja.sk\/cs\/#\/schema\/person\/03b484e8a920977800eb66d001ff7437"},"headline":"V\u00edce ne\u017e jen ru\u010dn\u00edk na vlasy","datePublished":"2023-04-27T16:03:07+00:00","dateModified":"2024-05-15T09:59:06+00:00","mainEntityOfPage":{"@id":"https:\/\/lanaja.sk\/cs\/vice-nez-jen-rucnik-na-vlasy\/"},"wordCount":625,"publisher":{"@id":"https:\/\/lanaja.sk\/cs\/#organization"},"image":{"@id":"https:\/\/lanaja.sk\/cs\/vice-nez-jen-rucnik-na-vlasy\/#primaryimage"},"thumbnailUrl":"https:\/\/lanaja.sk\/wp-content\/uploads\/2022\/08\/turban2-e1661165604825-jpg.webp","keywords":["Abreadbag","ln\u011bn\u00e9 v\u00fdrobky","ln\u011bn\u00fd ru\u010dn\u00edk","ln\u011bn\u00fd ru\u010dn\u00edk","Ln\u011bn\u00fd turban","Slovensk\u00e1 zna\u010dka"],"articleSection":["Len"],"inLanguage":"cs"},{"@type":"WebPage","@id":"https:\/\/lanaja.sk\/cs\/vice-nez-jen-rucnik-na-vlasy\/","url":"https:\/\/lanaja.sk\/cs\/vice-nez-jen-rucnik-na-vlasy\/","name":"V\u00edce ne\u017e jen ru\u010dn\u00edk na vlasy &#8226; Lanaja-slovensk\u00e1 udr\u017eiteln\u00e1 zna\u010dka a v\u00fdrobce ln\u011bn\u00e9ho textilu","isPartOf":{"@id":"https:\/\/lanaja.sk\/cs\/#website"},"primaryImageOfPage":{"@id":"https:\/\/lanaja.sk\/cs\/vice-nez-jen-rucnik-na-vlasy\/#primaryimage"},"image":{"@id":"https:\/\/lanaja.sk\/cs\/vice-nez-jen-rucnik-na-vlasy\/#primaryimage"},"thumbnailUrl":"https:\/\/lanaja.sk\/wp-content\/uploads\/2022\/08\/turban2-e1661165604825-jpg.webp","datePublished":"2023-04-27T16:03:07+00:00","dateModified":"2024-05-15T09:59:06+00:00","description":"V Abreadbagu \u0161ijeme ln\u011bn\u00e9 turbany do vlas\u016f, abychom vlas\u016fm poskytli jedine\u010dnou p\u00e9\u010di a ochranu, kterou si zaslou\u017e\u00ed, vlasov\u00fd turban","breadcrumb":{"@id":"https:\/\/lanaja.sk\/cs\/vice-nez-jen-rucnik-na-vlasy\/#breadcrumb"},"inLanguage":"cs","potentialAction":[{"@type":"ReadAction","target":["https:\/\/lanaja.sk\/cs\/vice-nez-jen-rucnik-na-vlasy\/"]}]},{"@type":"ImageObject","inLanguage":"cs","@id":"https:\/\/lanaja.sk\/cs\/vice-nez-jen-rucnik-na-vlasy\/#primaryimage","url":"https:\/\/lanaja.sk\/wp-content\/uploads\/2022\/08\/turban2-e1661165604825-jpg.webp","contentUrl":"https:\/\/lanaja.sk\/wp-content\/uploads\/2022\/08\/turban2-e1661165604825-jpg.webp","width":638,"height":850,"caption":"Turban do vlas\u016f"},{"@type":"BreadcrumbList","@id":"https:\/\/lanaja.sk\/cs\/vice-nez-jen-rucnik-na-vlasy\/#breadcrumb","itemListElement":[{"@type":"ListItem","position":1,"name":"Home","item":"https:\/\/lanaja.sk\/cs\/"},{"@type":"ListItem","position":2,"name":"V\u00edce ne\u017e jen ru\u010dn\u00edk na vlasy"}]},{"@type":"WebSite","@id":"https:\/\/lanaja.sk\/cs\/#website","url":"https:\/\/lanaja.sk\/cs\/","name":"Lanaja - bytov\u00fd textil z \u013eanu a \u013eanov\u00e9 v\u00fdrobky","description":"Jedine\u010dn\u00fd bytov\u00fd textil, ln\u011bn\u00e9 pytl\u00edky, ln\u011bn\u00e9 ubrusy, ln\u011bn\u00e9 lo\u017en\u00ed povle\u010den\u00ed, ln\u011bn\u00e9 ut\u011brky, ln\u011bn\u00e9 prost\u00edr\u00e1n\u00ed vyroben\u00e9 a \u0161it\u00e9 na Slovensku","publisher":{"@id":"https:\/\/lanaja.sk\/cs\/#organization"},"alternateName":"Lanaja - v\u00fdrobky z \u013eanu, \u013eanov\u00fd bytov\u00fd textil","potentialAction":[{"@type":"SearchAction","target":{"@type":"EntryPoint","urlTemplate":"https:\/\/lanaja.sk\/cs\/?s={search_term_string}"},"query-input":{"@type":"PropertyValueSpecification","valueRequired":true,"valueName":"search_term_string"}}],"inLanguage":"cs"},{"@type":"Organization","@id":"https:\/\/lanaja.sk\/cs\/#organization","name":"Lanaja","alternateName":"Al\u017ebeta Andr\u00e1\u0161ikov\u00e1 - Lanaja","url":"https:\/\/lanaja.sk\/cs\/","logo":{"@type":"ImageObject","inLanguage":"cs","@id":"https:\/\/lanaja.sk\/cs\/#\/schema\/logo\/image\/","url":"https:\/\/lanaja.sk\/wp-content\/uploads\/2024\/01\/Lanaja.sk-logo.png","contentUrl":"https:\/\/lanaja.sk\/wp-content\/uploads\/2024\/01\/Lanaja.sk-logo.png","width":600,"height":300,"caption":"Lanaja"},"image":{"@id":"https:\/\/lanaja.sk\/cs\/#\/schema\/logo\/image\/"},"sameAs":["https:\/\/www.facebook.com\/Abreadbag","https:\/\/www.instagram.com\/lanaja_sk\/"]},{"@type":"Person","@id":"https:\/\/lanaja.sk\/cs\/#\/schema\/person\/03b484e8a920977800eb66d001ff7437","name":"Al\u017ebeta Andr\u00e1\u0161ikov\u00e1","image":{"@type":"ImageObject","inLanguage":"cs","@id":"https:\/\/secure.gravatar.com\/avatar\/82259c03c46dc4c5e2c3213c2a75239b3f9f30a170c7e18e1b4ea244fd601f8c?s=96&d=mm&r=g","url":"https:\/\/secure.gravatar.com\/avatar\/82259c03c46dc4c5e2c3213c2a75239b3f9f30a170c7e18e1b4ea244fd601f8c?s=96&d=mm&r=g","contentUrl":"https:\/\/secure.gravatar.com\/avatar\/82259c03c46dc4c5e2c3213c2a75239b3f9f30a170c7e18e1b4ea244fd601f8c?s=96&d=mm&r=g","caption":"Al\u017ebeta Andr\u00e1\u0161ikov\u00e1"}}]}},"_links":{"self":[{"href":"https:\/\/lanaja.sk\/cs\/wp-json\/wp\/v2\/posts\/13041","targetHints":{"allow":["GET"]}}],"collection":[{"href":"https:\/\/lanaja.sk\/cs\/wp-json\/wp\/v2\/posts"}],"about":[{"href":"https:\/\/lanaja.sk\/cs\/wp-json\/wp\/v2\/types\/post"}],"author":[{"embeddable":true,"href":"https:\/\/lanaja.sk\/cs\/wp-json\/wp\/v2\/users\/2"}],"replies":[{"embeddable":true,"href":"https:\/\/lanaja.sk\/cs\/wp-json\/wp\/v2\/comments?post=13041"}],"version-history":[{"count":1,"href":"https:\/\/lanaja.sk\/cs\/wp-json\/wp\/v2\/posts\/13041\/revisions"}],"predecessor-version":[{"id":13047,"href":"https:\/\/lanaja.sk\/cs\/wp-json\/wp\/v2\/posts\/13041\/revisions\/13047"}],"wp:featuredmedia":[{"embeddable":true,"href":"https:\/\/lanaja.sk\/cs\/wp-json\/wp\/v2\/media\/7364"}],"wp:attachment":[{"href":"https:\/\/lanaja.sk\/cs\/wp-json\/wp\/v2\/media?parent=13041"}],"wp:term":[{"taxonomy":"category","embeddable":true,"href":"https:\/\/lanaja.sk\/cs\/wp-json\/wp\/v2\/categories?post=13041"},{"taxonomy":"post_tag","embeddable":true,"href":"https:\/\/lanaja.sk\/cs\/wp-json\/wp\/v2\/tags?post=13041"}],"curies":[{"name":"wp","href":"https:\/\/api.w.org\/{rel}","templated":true}]}}