{"id":14156,"date":"2024-05-18T18:33:43","date_gmt":"2024-05-18T16:33:43","guid":{"rendered":"https:\/\/lanaja.sk\/elementor-12907-2\/"},"modified":"2024-05-18T18:41:54","modified_gmt":"2024-05-18T16:41:54","slug":"elementor-12907-2","status":"publish","type":"post","link":"https:\/\/lanaja.sk\/cs\/elementor-12907-2\/","title":{"rendered":"B\u00edl\u00e1 jako symbol \u010distoty a m\u00edru"},"content":{"rendered":"\t\t<div data-elementor-type=\"wp-post\" data-elementor-id=\"14156\" class=\"elementor elementor-14156 elementor-12907\" data-elementor-post-type=\"post\">\n\t\t\t\t<div class=\"elementor-element elementor-element-fe77723 e-flex e-con-boxed e-con e-parent\" data-id=\"fe77723\" data-element_type=\"container\" data-e-type=\"container\">\n\t\t\t\t\t<div class=\"e-con-inner\">\n\t\t\t\t<div class=\"elementor-element elementor-element-724f0db elementor-widget elementor-widget-heading\" data-id=\"724f0db\" data-element_type=\"widget\" data-e-type=\"widget\" data-widget_type=\"heading.default\">\n\t\t\t\t<div class=\"elementor-widget-container\">\n\t\t\t\t\t<h2 class=\"elementor-heading-title elementor-size-default\">Za\u017eijte kr\u00e1lovsk\u00fd sp\u00e1nek v objet\u00ed b\u00edl\u00e9 elegance<\/h2>\t\t\t\t<\/div>\n\t\t\t\t<\/div>\n\t\t\t\t\t<\/div>\n\t\t\t\t<\/div>\n\t\t<div class=\"elementor-element elementor-element-55a98fa e-flex e-con-boxed e-con e-parent\" data-id=\"55a98fa\" data-element_type=\"container\" data-e-type=\"container\">\n\t\t\t\t\t<div class=\"e-con-inner\">\n\t\t\t\t<div class=\"elementor-element elementor-element-abda0ea elementor-widget elementor-widget-spacer\" data-id=\"abda0ea\" data-element_type=\"widget\" data-e-type=\"widget\" data-widget_type=\"spacer.default\">\n\t\t\t\t<div class=\"elementor-widget-container\">\n\t\t\t\t\t\t\t<div class=\"elementor-spacer\">\n\t\t\t<div class=\"elementor-spacer-inner\"><\/div>\n\t\t<\/div>\n\t\t\t\t\t\t<\/div>\n\t\t\t\t<\/div>\n\t\t\t\t\t<\/div>\n\t\t\t\t<\/div>\n\t\t<div class=\"elementor-element elementor-element-cc43760 e-grid e-con-boxed e-con e-parent\" data-id=\"cc43760\" data-element_type=\"container\" data-e-type=\"container\">\n\t\t\t\t\t<div class=\"e-con-inner\">\n\t\t\t\t<div class=\"elementor-element elementor-element-588c5e5 elementor-widget elementor-widget-image\" data-id=\"588c5e5\" data-element_type=\"widget\" data-e-type=\"widget\" data-widget_type=\"image.default\">\n\t\t\t\t<div class=\"elementor-widget-container\">\n\t\t\t\t\t\t\t\t\t\t\t\t\t\t\t<img decoding=\"async\" src=\"https:\/\/lanaja.sk\/wp-content\/uploads\/2024\/05\/biele-lanove-obliecky-scaled.jpg\" title=\"\" alt=\"Biele \u013eanov\u00e9 oblie\u010dky Martina\" loading=\"lazy\" \/>\t\t\t\t\t\t\t\t\t\t\t\t\t\t\t<\/div>\n\t\t\t\t<\/div>\n\t\t\t\t<div class=\"elementor-element elementor-element-d9748f8 elementor-widget elementor-widget-text-editor\" data-id=\"d9748f8\" data-element_type=\"widget\" data-e-type=\"widget\" data-widget_type=\"text-editor.default\">\n\t\t\t\t<div class=\"elementor-widget-container\">\n\t\t\t\t\t\t\t\t\t<p data-sourcepos=\"3:1-3:240\">Sp\u00e1nek je nezbytn\u00fd pro na\u0161e zdrav\u00ed a pohodu. Je to \u010das, kdy se na\u0161e t\u011blo regeneruje, mysl relaxuje a nab\u00edj\u00ed energii. Kvalita sp\u00e1nku ovliv\u0148uje na\u0161e fyzick\u00e9 i du\u0161evn\u00ed zdrav\u00ed, koncentraci, pam\u011b\u0165 a celkovou pohodu. Stejn\u011b jako na\u0161e n\u00e1lada, koncentrace, imunita a celkov\u00e1 vitalita. Kvalitn\u00ed sp\u00e1nek pom\u00e1h\u00e1 redukovat vr\u00e1sky, tmav\u00e9 kruhy pod o\u010dima a zlep\u0161uje celkov\u00fd vzhled pleti.<\/p>\n<p data-sourcepos=\"5:1-5:239\">B\u00edl\u00e1 barva je symbolem \u010distoty, nevinnosti a m\u00edru. V lo\u017enici m\u00e1 tato barva blahod\u00e1rn\u00fd vliv na na\u0161i psychiku a pom\u00e1h\u00e1 n\u00e1m relaxovat a zbavit se stresu. B\u011bhem sp\u00e1nku se na\u0161e t\u011blo regeneruje a bojuje s infekcemi, tak\u017ee kvalitn\u00ed sp\u00e1nek tak\u00e9 posiluje imunitn\u00ed syst\u00e9m a \u010din\u00ed n\u00e1s odoln\u011bj\u0161\u00edmi v\u016f\u010di nemocem. V\u011bd\u011bli jste, \u017ee m\u00e1 p\u0159\u00edm\u00fd vliv na na\u0161i n\u00e1ladu a sebev\u011bdom\u00ed? Jsme \u0161\u0165astn\u011bj\u0161\u00ed a optimisti\u010dt\u011bj\u0161\u00ed.<\/p>\n<p data-sourcepos=\"5:1-5:239\">Kvalita sp\u00e1nku je ovlivn\u011bna mnoha faktory, jako je stres, strava, fyzick\u00e1 aktivita a prost\u0159ed\u00ed na\u0161\u00ed lo\u017enice. Jedn\u00edm z d\u016fle\u017eit\u00fdch faktor\u016f je tak\u00e9 lo\u017en\u00ed pr\u00e1dlo, se kter\u00fdm p\u0159ich\u00e1z\u00edme do p\u0159\u00edm\u00e9ho kontaktu po celou noc. Kombinace termoregula\u010dn\u00edch a hypoalergenn\u00edch vlastnost\u00ed lnu s uklid\u0148uj\u00edc\u00edm \u00fa\u010dinkem b\u00edl\u00e9 barvy je ide\u00e1ln\u00ed volbou pro v\u0161echny, kte\u0159\u00ed oce\u0148uj\u00ed pohodl\u00ed, zdrav\u00ed a kr\u00e1su.<\/p>\n<p data-sourcepos=\"5:1-5:207\">\n\t\t\t\t\t\t\t\t<\/div>\n\t\t\t\t<\/div>\n\t\t\t\t<div class=\"elementor-element elementor-element-cd53468 elementor-widget elementor-widget-image\" data-id=\"cd53468\" data-element_type=\"widget\" data-e-type=\"widget\" data-widget_type=\"image.default\">\n\t\t\t\t<div class=\"elementor-widget-container\">\n\t\t\t\t\t\t\t\t\t\t\t\t\t\t\t<img decoding=\"async\" src=\"https:\/\/lanaja.sk\/wp-content\/uploads\/2024\/05\/biele-lanove-obliecky1-scaled.jpg\" title=\"\" alt=\"Biele lanove obliecky\" loading=\"lazy\" \/>\t\t\t\t\t\t\t\t\t\t\t\t\t\t\t<\/div>\n\t\t\t\t<\/div>\n\t\t\t\t<div class=\"elementor-element elementor-element-e1116f3 elementor-widget elementor-widget-text-editor\" data-id=\"e1116f3\" data-element_type=\"widget\" data-e-type=\"widget\" data-widget_type=\"text-editor.default\">\n\t\t\t\t<div class=\"elementor-widget-container\">\n\t\t\t\t\t\t\t\t\t<h4 data-sourcepos=\"5:1-5:51\"><strong>Pro\u010d si vybrat ln\u011bn\u00e9 povle\u010den\u00ed v b\u00edl\u00e9 barv\u011b?<\/strong><\/h4>\n<p><strong>Symbol \u010distoty a m\u00edru:<\/strong> B\u00edl\u00e1 barva je v\u0161eobecn\u011b vn\u00edm\u00e1na jako symbol \u010distoty, m\u00edru a nevinnosti. Navozuje pocit klidu a relaxace v lo\u017enici a p\u0159isp\u00edv\u00e1 ke klidn\u00e9mu a hlubok\u00e9mu sp\u00e1nku.<\/p>\n<p><strong>Zv\u011bt\u0161uje prostor:<\/strong> opticky zv\u011bt\u0161uje prostor, co\u017e je d\u016fle\u017eit\u00e9 zejm\u00e9na v men\u0161\u00edch lo\u017enic\u00edch.<\/p>\n<p><strong>Odolnost proti ne\u010distot\u00e1m:<\/strong> P\u0159esto\u017ee je b\u00edl\u00e1 barva n\u00e1chyln\u00e1 ke zne\u010di\u0161t\u011bn\u00ed, d\u00edky p\u0159irozen\u00fdm vlastnostem lnu se skvrny sn\u00e1ze odstra\u0148uj\u00ed a prost\u011bradla z\u016fst\u00e1vaj\u00ed d\u00e9le \u010dist\u00e1.<\/p>\n<p><strong>Kombinace s jin\u00fdmi barvami:<\/strong> snadno se kombinuje s r\u016fzn\u00fdmi barvami a vzory, tak\u017ee si m\u016f\u017eete vytvo\u0159it lo\u017enici podle sv\u00e9ho vkusu.<\/p>\n<p><strong>Lep\u0161\u00ed a hlub\u0161\u00ed sp\u00e1nek:<\/strong> D\u00edky termoregula\u010dn\u00edm vlastnostem lnu si udr\u017e\u00edte optim\u00e1ln\u00ed t\u011blesnou teplotu po celou noc a budete se c\u00edtit pohodln\u011b a pohodln\u011b.<\/p>\n<p data-sourcepos=\"7:1-7:25\">\n\t\t\t\t\t\t\t\t<\/div>\n\t\t\t\t<\/div>\n\t\t\t\t\t<\/div>\n\t\t\t\t<\/div>\n\t\t<div class=\"elementor-element elementor-element-5eed424 e-grid e-con-boxed e-con e-parent\" data-id=\"5eed424\" data-element_type=\"container\" data-e-type=\"container\">\n\t\t\t\t\t<div class=\"e-con-inner\">\n\t\t<div class=\"elementor-element elementor-element-af09819 e-flex e-con-boxed e-con e-child\" data-id=\"af09819\" data-element_type=\"container\" data-e-type=\"container\">\n\t\t\t\t\t<div class=\"e-con-inner\">\n\t\t\t\t<div class=\"elementor-element elementor-element-b3cafe8 elementor-widget elementor-widget-image\" data-id=\"b3cafe8\" data-element_type=\"widget\" data-e-type=\"widget\" data-widget_type=\"image.default\">\n\t\t\t\t<div class=\"elementor-widget-container\">\n\t\t\t\t\t\t\t\t\t\t\t\t\t\t\t<img fetchpriority=\"high\" decoding=\"async\" width=\"800\" height=\"878\" src=\"https:\/\/lanaja.sk\/wp-content\/uploads\/2024\/04\/lanova-plachta-bez-gumicky1-933x1024.webp\" class=\"attachment-large size-large wp-image-12939\" alt=\"b\u00edl\u00e9 ln\u011bn\u00e9 prost\u011bradlo na man\u017eelskou postel\" srcset=\"https:\/\/lanaja.sk\/wp-content\/uploads\/2024\/04\/lanova-plachta-bez-gumicky1-933x1024.webp 933w, https:\/\/lanaja.sk\/wp-content\/uploads\/2024\/04\/lanova-plachta-bez-gumicky1-273x300.webp 273w, https:\/\/lanaja.sk\/wp-content\/uploads\/2024\/04\/lanova-plachta-bez-gumicky1-768x843.webp 768w, https:\/\/lanaja.sk\/wp-content\/uploads\/2024\/04\/lanova-plachta-bez-gumicky1-1400x1536.webp 1400w, https:\/\/lanaja.sk\/wp-content\/uploads\/2024\/04\/lanova-plachta-bez-gumicky1-1866x2048.webp 1866w, https:\/\/lanaja.sk\/wp-content\/uploads\/2024\/04\/lanova-plachta-bez-gumicky1-800x878.webp 800w\" sizes=\"(max-width: 800px) 100vw, 800px\" \/>\t\t\t\t\t\t\t\t\t\t\t\t\t\t\t<\/div>\n\t\t\t\t<\/div>\n\t\t\t\t\t<\/div>\n\t\t\t\t<\/div>\n\t\t\t\t<div class=\"elementor-element elementor-element-9ceb16e elementor-widget elementor-widget-text-editor\" data-id=\"9ceb16e\" data-element_type=\"widget\" data-e-type=\"widget\" data-widget_type=\"text-editor.default\">\n\t\t\t\t<div class=\"elementor-widget-container\">\n\t\t\t\t\t\t\t\t\t<h4>Zdrav\u00ed a pohoda na prvn\u00edm m\u00edst\u011b<\/h4>\n<p>Ln\u011bn\u00e1 prost\u011bradla jsou hypoalergenn\u00ed a antibakteri\u00e1ln\u00ed. Chr\u00e1n\u00ed va\u0161i citlivou poko\u017eku p\u0159ed podr\u00e1\u017ed\u011bn\u00edm a alergiemi. P\u0159irozen\u00e9 vlastnosti lnu zabra\u0148uj\u00ed mno\u017een\u00ed rozto\u010d\u016f a bakteri\u00ed a vytv\u00e1\u0159ej\u00ed zdrav\u00e9, hygienick\u00e9 prost\u0159ed\u00ed. Ln\u011bn\u00e1 prost\u011bradla jsou zn\u00e1m\u00e1 svou odolnost\u00ed a odolnost\u00ed. Vydr\u017e\u00ed v\u00e1m roky, ani\u017e by ztratily barvu a tvar, a to i p\u0159i \u010dast\u00e9m pran\u00ed. Jemn\u00e1 struktura lnu a jeho p\u0159irozen\u00fd lesk vytvo\u0159\u00ed v lo\u017enici \u00fatulnou a sofistikovanou atmosf\u00e9ru. B\u00edl\u00e9 ln\u011bn\u00e9 povle\u010den\u00ed je nad\u010dasov\u00fdm kouskem, kter\u00fd se hod\u00ed do ka\u017ed\u00e9ho interi\u00e9ru a dod\u00e1 mu ten spr\u00e1vn\u00fd \u0161mrnc a styl. Na na\u0161em blogu najdete podrobn\u00e9 pokyny pro pran\u00ed, su\u0161en\u00ed a \u017eehlen\u00ed ln\u011bn\u00fdch prost\u011bradel, abyste je mohli udr\u017eet v perfektn\u00edm stavu co nejd\u00e9le. Jsme tu pro v\u00e1s a r\u00e1di v\u00e1m porad\u00edme s v\u00fdb\u011brem povle\u010den\u00ed a zodpov\u00edme v\u0161echny va\u0161e dotazy. Nev\u00e1hejte n\u00e1s kontaktovat emailem, telefonicky nebo vyu\u017eijte na\u0161i online konzultaci prost\u0159ednictv\u00edm videohovoru.<\/p>\n\t\t\t\t\t\t\t\t<\/div>\n\t\t\t\t<\/div>\n\t\t\t\t<div class=\"elementor-element elementor-element-34b5f6b elementor-widget elementor-widget-image\" data-id=\"34b5f6b\" data-element_type=\"widget\" data-e-type=\"widget\" data-widget_type=\"image.default\">\n\t\t\t\t<div class=\"elementor-widget-container\">\n\t\t\t\t\t\t\t\t\t\t\t\t\t\t\t<img decoding=\"async\" width=\"567\" height=\"850\" src=\"https:\/\/lanaja.sk\/wp-content\/uploads\/2021\/06\/lanove-obliecky.-1-3-e1622572050257-jpg.webp\" class=\"attachment-large size-large wp-image-7019\" alt=\"Biele \u013eanov\u00e9 oblie\u010dky s kokosov\u00fdmi gomb\u00edkmi\" srcset=\"https:\/\/lanaja.sk\/wp-content\/uploads\/2021\/06\/lanove-obliecky.-1-3-e1622572050257-jpg.webp 567w, https:\/\/lanaja.sk\/wp-content\/uploads\/2021\/06\/lanove-obliecky.-1-3-e1622572050257-jpg-300x450.webp 300w, https:\/\/lanaja.sk\/wp-content\/uploads\/2021\/06\/lanove-obliecky.-1-3-e1622572050257-200x300.webp 200w, https:\/\/lanaja.sk\/wp-content\/uploads\/2021\/06\/lanove-obliecky.-1-3-e1622572050257-500x750.jpg 500w\" sizes=\"(max-width: 567px) 100vw, 567px\" \/>\t\t\t\t\t\t\t\t\t\t\t\t\t\t\t<\/div>\n\t\t\t\t<\/div>\n\t\t\t\t<div class=\"elementor-element elementor-element-7d8e165 elementor-widget elementor-widget-text-editor\" data-id=\"7d8e165\" data-element_type=\"widget\" data-e-type=\"widget\" data-widget_type=\"text-editor.default\">\n\t\t\t\t<div class=\"elementor-widget-container\">\n\t\t\t\t\t\t\t\t\t<h4>Tipy pro spr\u00e1vn\u00fd v\u00fdb\u011br lnu, lnu, pr\u00e1dla<\/h4>\n<p><strong>P\u0159i v\u00fdb\u011bru ln\u011bn\u00fdch prost\u011bradel v\u011bnujte pozornost kvalit\u011b materi\u00e1lu.<\/strong>  Vyberte si listy vyroben\u00e9 ze 100% lnu, kter\u00fd je p\u011bstov\u00e1n a zpracov\u00e1v\u00e1n ekologicky, s platnou certifikac\u00ed, kterou lze ov\u011b\u0159it.<\/p>\n<p><strong>Vyberte si povle\u010den\u00ed ve spr\u00e1vn\u00e9 velikosti.<\/strong>  U n\u00e1s se \u0159\u00edk\u00e1 a plat\u00ed star\u00e9 slovensk\u00e9 p\u0159\u00edslov\u00ed: &#8222;Dvakr\u00e1t m\u011b\u0159 a jednou \u0159e\u017e.&#8220;<strong> <\/strong>Ujist\u011bte se, \u017ee kupujete ln\u011bn\u00e9 pr\u00e1dlo ve spr\u00e1vn\u00e9 velikosti. Um\u00edme v\u00e1m ho p\u0159izp\u016fsobit a u\u0161\u00edt na m\u00edru va\u0161im pot\u0159eb\u00e1m. Pot\u0159ebujete nestandardn\u00ed rozm\u011bry? \u017d\u00e1dn\u00fd probl\u00e9m! U\u0161ijeme v\u00e1m tak\u00e9 lo\u017en\u00ed pr\u00e1dlo na atypick\u00e9 matrace, p\u0159ikr\u00fdvky a pol\u0161t\u00e1\u0159e.<\/p>\n<p><strong>Cena:<\/strong> Cena ln\u011bn\u00fdch prost\u011bradel se m\u016f\u017ee li\u0161it v z\u00e1vislosti na velikosti, gram\u00e1\u017ei a proveden\u00ed ln\u011bn\u00e9 tkaniny. Nebojte se investovat do kvalitn\u00edho povle\u010den\u00ed, kter\u00e9 v\u00e1m vydr\u017e\u00ed mnoho let, va\u0161e po\u010d\u00e1te\u010dn\u00ed investice se v\u00e1m n\u011bkolikan\u00e1sobn\u011b vr\u00e1t\u00ed!<\/p>\n<p><strong>D\u00e1rkov\u00e9 balen\u00ed:<\/strong> Ud\u011blejte radost sob\u011b nebo sv\u00fdm bl\u00edzk\u00fdm a objednejte si povle\u010den\u00ed na m\u00edru v kr\u00e1sn\u00e9 d\u00e1rkov\u00e9 krabi\u010dce. Va\u0161e povle\u010den\u00ed zabal\u00edme do krabice s mal\u00fdm p\u0159ekvapen\u00edm. M\u016f\u017eete je darovat hned, ani\u017e byste pot\u0159ebovali dal\u0161\u00ed obaly.<\/p>\n<\/p>\n<p data-sourcepos=\"20:1-20:247\">\n\t\t\t\t\t\t\t\t<\/div>\n\t\t\t\t<\/div>\n\t\t\t\t\t<\/div>\n\t\t\t\t<\/div>\n\t\t\t\t<\/div>\n\t\t","protected":false},"excerpt":{"rendered":"<p>Za\u017eijte kr\u00e1lovsk\u00fd sp\u00e1nek v objet\u00ed b\u00edl\u00e9 elegance Sp\u00e1nek je nezbytn\u00fd pro na\u0161e zdrav\u00ed a pohodu. Je to \u010das, kdy se na\u0161e t\u011blo regeneruje, mysl relaxuje a nab\u00edj\u00ed energii. Kvalita sp\u00e1nku ovliv\u0148uje na\u0161e fyzick\u00e9 i du\u0161evn\u00ed zdrav\u00ed, koncentraci, pam\u011b\u0165 a celkovou pohodu. Stejn\u011b jako na\u0161e n\u00e1lada, koncentrace, imunita a celkov\u00e1 vitalita. Kvalitn\u00ed sp\u00e1nek pom\u00e1h\u00e1 redukovat vr\u00e1sky, [&hellip;]<\/p>\n","protected":false},"author":2,"featured_media":13153,"comment_status":"closed","ping_status":"open","sticky":false,"template":"","format":"standard","meta":{"footnotes":""},"categories":[165,310],"tags":[168,170,313,167],"class_list":["post-14156","post","type-post","status-publish","format-standard","has-post-thumbnail","hentry","category-len","category-udrzitelny-zivot","tag-lnena-prosteradla","tag-slovenska-znacka-cs","tag-slovenske-lnene-vyrobky","tag-slovenske-vyrobky-cs"],"yoast_head":"<!-- This site is optimized with the Yoast SEO plugin v27.4 - https:\/\/yoast.com\/product\/yoast-seo-wordpress\/ -->\n<title>B\u00edl\u00e1 jako symbol \u010distoty a m\u00edru &#8226; Lanaja-slovensk\u00e1 udr\u017eiteln\u00e1 zna\u010dka a v\u00fdrobce ln\u011bn\u00e9ho textilu<\/title>\n<meta name=\"description\" content=\"Pro\u010d si vybrat ln\u011bn\u00e9 povle\u010den\u00ed v b\u00edl\u00e9 barv\u011b? B\u00edl\u00e1 barva je v\u0161eobecn\u011b vn\u00edm\u00e1na jako symbol \u010distoty, m\u00edru a nevinnosti. V lo\u017enici...\" \/>\n<meta name=\"robots\" content=\"index, follow, max-snippet:-1, max-image-preview:large, max-video-preview:-1\" \/>\n<link rel=\"canonical\" href=\"https:\/\/lanaja.sk\/cs\/elementor-12907-2\/\" \/>\n<meta property=\"og:locale\" content=\"cs_CZ\" \/>\n<meta property=\"og:type\" content=\"article\" \/>\n<meta property=\"og:title\" content=\"B\u00edl\u00e1 jako symbol \u010distoty a m\u00edru &#8226; Lanaja-slovensk\u00e1 udr\u017eiteln\u00e1 zna\u010dka a v\u00fdrobce ln\u011bn\u00e9ho textilu\" \/>\n<meta property=\"og:description\" content=\"Pro\u010d si vybrat ln\u011bn\u00e9 povle\u010den\u00ed v b\u00edl\u00e9 barv\u011b? B\u00edl\u00e1 barva je v\u0161eobecn\u011b vn\u00edm\u00e1na jako symbol \u010distoty, m\u00edru a nevinnosti. V lo\u017enici...\" \/>\n<meta property=\"og:url\" content=\"https:\/\/lanaja.sk\/cs\/elementor-12907-2\/\" \/>\n<meta property=\"og:site_name\" content=\"Lanaja-slovensk\u00e1 udr\u017eiteln\u00e1 zna\u010dka a v\u00fdrobce ln\u011bn\u00e9ho textilu\" \/>\n<meta property=\"article:publisher\" content=\"https:\/\/www.facebook.com\/Abreadbag\" \/>\n<meta property=\"article:published_time\" content=\"2024-05-18T16:33:43+00:00\" \/>\n<meta property=\"article:modified_time\" content=\"2024-05-18T16:41:54+00:00\" \/>\n<meta property=\"og:image\" content=\"https:\/\/lanaja.sk\/wp-content\/uploads\/2024\/01\/Lanaja.sk-logo.png\" \/>\n\t<meta property=\"og:image:width\" content=\"600\" \/>\n\t<meta property=\"og:image:height\" content=\"300\" \/>\n\t<meta property=\"og:image:type\" content=\"image\/png\" \/>\n<meta name=\"author\" content=\"Al\u017ebeta Andr\u00e1\u0161ikov\u00e1\" \/>\n<meta name=\"twitter:card\" content=\"summary_large_image\" \/>\n<meta name=\"twitter:label1\" content=\"Napsal(a)\" \/>\n\t<meta name=\"twitter:data1\" content=\"Al\u017ebeta Andr\u00e1\u0161ikov\u00e1\" \/>\n\t<meta name=\"twitter:label2\" content=\"Odhadovan\u00e1 doba \u010dten\u00ed\" \/>\n\t<meta name=\"twitter:data2\" content=\"4 minuty\" \/>\n<script type=\"application\/ld+json\" class=\"yoast-schema-graph\">{\"@context\":\"https:\\\/\\\/schema.org\",\"@graph\":[{\"@type\":\"Article\",\"@id\":\"https:\\\/\\\/lanaja.sk\\\/cs\\\/elementor-12907-2\\\/#article\",\"isPartOf\":{\"@id\":\"https:\\\/\\\/lanaja.sk\\\/cs\\\/elementor-12907-2\\\/\"},\"author\":{\"name\":\"Al\u017ebeta Andr\u00e1\u0161ikov\u00e1\",\"@id\":\"https:\\\/\\\/lanaja.sk\\\/cs\\\/#\\\/schema\\\/person\\\/03b484e8a920977800eb66d001ff7437\"},\"headline\":\"B\u00edl\u00e1 jako symbol \u010distoty a m\u00edru\",\"datePublished\":\"2024-05-18T16:33:43+00:00\",\"dateModified\":\"2024-05-18T16:41:54+00:00\",\"mainEntityOfPage\":{\"@id\":\"https:\\\/\\\/lanaja.sk\\\/cs\\\/elementor-12907-2\\\/\"},\"wordCount\":877,\"publisher\":{\"@id\":\"https:\\\/\\\/lanaja.sk\\\/cs\\\/#organization\"},\"image\":{\"@id\":\"https:\\\/\\\/lanaja.sk\\\/cs\\\/elementor-12907-2\\\/#primaryimage\"},\"thumbnailUrl\":\"\",\"keywords\":[\"ln\u011bn\u00e1 prost\u011bradla\",\"Slovensk\u00e1 zna\u010dka\",\"Slovensk\u00e9 ln\u011bn\u00e9 v\u00fdrobky\",\"Slovensk\u00e9 v\u00fdrobky\"],\"articleSection\":[\"Len\",\"Udr\u017eiteln\u00fd \u017eivot\"],\"inLanguage\":\"cs\"},{\"@type\":\"WebPage\",\"@id\":\"https:\\\/\\\/lanaja.sk\\\/cs\\\/elementor-12907-2\\\/\",\"url\":\"https:\\\/\\\/lanaja.sk\\\/cs\\\/elementor-12907-2\\\/\",\"name\":\"B\u00edl\u00e1 jako symbol \u010distoty a m\u00edru &#8226; Lanaja-slovensk\u00e1 udr\u017eiteln\u00e1 zna\u010dka a v\u00fdrobce ln\u011bn\u00e9ho textilu\",\"isPartOf\":{\"@id\":\"https:\\\/\\\/lanaja.sk\\\/cs\\\/#website\"},\"primaryImageOfPage\":{\"@id\":\"https:\\\/\\\/lanaja.sk\\\/cs\\\/elementor-12907-2\\\/#primaryimage\"},\"image\":{\"@id\":\"https:\\\/\\\/lanaja.sk\\\/cs\\\/elementor-12907-2\\\/#primaryimage\"},\"thumbnailUrl\":\"\",\"datePublished\":\"2024-05-18T16:33:43+00:00\",\"dateModified\":\"2024-05-18T16:41:54+00:00\",\"description\":\"Pro\u010d si vybrat ln\u011bn\u00e9 povle\u010den\u00ed v b\u00edl\u00e9 barv\u011b? B\u00edl\u00e1 barva je v\u0161eobecn\u011b vn\u00edm\u00e1na jako symbol \u010distoty, m\u00edru a nevinnosti. V lo\u017enici...\",\"breadcrumb\":{\"@id\":\"https:\\\/\\\/lanaja.sk\\\/cs\\\/elementor-12907-2\\\/#breadcrumb\"},\"inLanguage\":\"cs\",\"potentialAction\":[{\"@type\":\"ReadAction\",\"target\":[\"https:\\\/\\\/lanaja.sk\\\/cs\\\/elementor-12907-2\\\/\"]}]},{\"@type\":\"ImageObject\",\"inLanguage\":\"cs\",\"@id\":\"https:\\\/\\\/lanaja.sk\\\/cs\\\/elementor-12907-2\\\/#primaryimage\",\"url\":\"\",\"contentUrl\":\"\",\"width\":2056,\"height\":2560,\"caption\":\"b\u00edl\u00e1 barva a span\u00ed v b\u00edl\u00e9m ln\u011bn\u00e9m povle\u010den\u00ed\"},{\"@type\":\"BreadcrumbList\",\"@id\":\"https:\\\/\\\/lanaja.sk\\\/cs\\\/elementor-12907-2\\\/#breadcrumb\",\"itemListElement\":[{\"@type\":\"ListItem\",\"position\":1,\"name\":\"Home\",\"item\":\"https:\\\/\\\/lanaja.sk\\\/cs\\\/\"},{\"@type\":\"ListItem\",\"position\":2,\"name\":\"B\u00edl\u00e1 jako symbol \u010distoty a m\u00edru\"}]},{\"@type\":\"WebSite\",\"@id\":\"https:\\\/\\\/lanaja.sk\\\/cs\\\/#website\",\"url\":\"https:\\\/\\\/lanaja.sk\\\/cs\\\/\",\"name\":\"Lanaja - bytov\u00fd textil z \u013eanu a \u013eanov\u00e9 v\u00fdrobky\",\"description\":\"Jedine\u010dn\u00fd bytov\u00fd textil, ln\u011bn\u00e9 pytl\u00edky, ln\u011bn\u00e9 ubrusy, ln\u011bn\u00e9 lo\u017en\u00ed povle\u010den\u00ed, ln\u011bn\u00e9 ut\u011brky, ln\u011bn\u00e9 prost\u00edr\u00e1n\u00ed vyroben\u00e9 a \u0161it\u00e9 na Slovensku\",\"publisher\":{\"@id\":\"https:\\\/\\\/lanaja.sk\\\/cs\\\/#organization\"},\"alternateName\":\"Lanaja - v\u00fdrobky z \u013eanu, \u013eanov\u00fd bytov\u00fd textil\",\"potentialAction\":[{\"@type\":\"SearchAction\",\"target\":{\"@type\":\"EntryPoint\",\"urlTemplate\":\"https:\\\/\\\/lanaja.sk\\\/cs\\\/?s={search_term_string}\"},\"query-input\":{\"@type\":\"PropertyValueSpecification\",\"valueRequired\":true,\"valueName\":\"search_term_string\"}}],\"inLanguage\":\"cs\"},{\"@type\":\"Organization\",\"@id\":\"https:\\\/\\\/lanaja.sk\\\/cs\\\/#organization\",\"name\":\"Lanaja\",\"alternateName\":\"Al\u017ebeta Andr\u00e1\u0161ikov\u00e1 - Lanaja\",\"url\":\"https:\\\/\\\/lanaja.sk\\\/cs\\\/\",\"logo\":{\"@type\":\"ImageObject\",\"inLanguage\":\"cs\",\"@id\":\"https:\\\/\\\/lanaja.sk\\\/cs\\\/#\\\/schema\\\/logo\\\/image\\\/\",\"url\":\"https:\\\/\\\/lanaja.sk\\\/wp-content\\\/uploads\\\/2024\\\/01\\\/Lanaja.sk-logo.png\",\"contentUrl\":\"https:\\\/\\\/lanaja.sk\\\/wp-content\\\/uploads\\\/2024\\\/01\\\/Lanaja.sk-logo.png\",\"width\":600,\"height\":300,\"caption\":\"Lanaja\"},\"image\":{\"@id\":\"https:\\\/\\\/lanaja.sk\\\/cs\\\/#\\\/schema\\\/logo\\\/image\\\/\"},\"sameAs\":[\"https:\\\/\\\/www.facebook.com\\\/Abreadbag\",\"https:\\\/\\\/www.instagram.com\\\/lanaja_sk\\\/\"]},{\"@type\":\"Person\",\"@id\":\"https:\\\/\\\/lanaja.sk\\\/cs\\\/#\\\/schema\\\/person\\\/03b484e8a920977800eb66d001ff7437\",\"name\":\"Al\u017ebeta Andr\u00e1\u0161ikov\u00e1\",\"image\":{\"@type\":\"ImageObject\",\"inLanguage\":\"cs\",\"@id\":\"https:\\\/\\\/secure.gravatar.com\\\/avatar\\\/82259c03c46dc4c5e2c3213c2a75239b3f9f30a170c7e18e1b4ea244fd601f8c?s=96&d=mm&r=g\",\"url\":\"https:\\\/\\\/secure.gravatar.com\\\/avatar\\\/82259c03c46dc4c5e2c3213c2a75239b3f9f30a170c7e18e1b4ea244fd601f8c?s=96&d=mm&r=g\",\"contentUrl\":\"https:\\\/\\\/secure.gravatar.com\\\/avatar\\\/82259c03c46dc4c5e2c3213c2a75239b3f9f30a170c7e18e1b4ea244fd601f8c?s=96&d=mm&r=g\",\"caption\":\"Al\u017ebeta Andr\u00e1\u0161ikov\u00e1\"}}]}<\/script>\n<!-- \/ Yoast SEO plugin. -->","yoast_head_json":{"title":"B\u00edl\u00e1 jako symbol \u010distoty a m\u00edru &#8226; Lanaja-slovensk\u00e1 udr\u017eiteln\u00e1 zna\u010dka a v\u00fdrobce ln\u011bn\u00e9ho textilu","description":"Pro\u010d si vybrat ln\u011bn\u00e9 povle\u010den\u00ed v b\u00edl\u00e9 barv\u011b? B\u00edl\u00e1 barva je v\u0161eobecn\u011b vn\u00edm\u00e1na jako symbol \u010distoty, m\u00edru a nevinnosti. V lo\u017enici...","robots":{"index":"index","follow":"follow","max-snippet":"max-snippet:-1","max-image-preview":"max-image-preview:large","max-video-preview":"max-video-preview:-1"},"canonical":"https:\/\/lanaja.sk\/cs\/elementor-12907-2\/","og_locale":"cs_CZ","og_type":"article","og_title":"B\u00edl\u00e1 jako symbol \u010distoty a m\u00edru &#8226; Lanaja-slovensk\u00e1 udr\u017eiteln\u00e1 zna\u010dka a v\u00fdrobce ln\u011bn\u00e9ho textilu","og_description":"Pro\u010d si vybrat ln\u011bn\u00e9 povle\u010den\u00ed v b\u00edl\u00e9 barv\u011b? B\u00edl\u00e1 barva je v\u0161eobecn\u011b vn\u00edm\u00e1na jako symbol \u010distoty, m\u00edru a nevinnosti. V lo\u017enici...","og_url":"https:\/\/lanaja.sk\/cs\/elementor-12907-2\/","og_site_name":"Lanaja-slovensk\u00e1 udr\u017eiteln\u00e1 zna\u010dka a v\u00fdrobce ln\u011bn\u00e9ho textilu","article_publisher":"https:\/\/www.facebook.com\/Abreadbag","article_published_time":"2024-05-18T16:33:43+00:00","article_modified_time":"2024-05-18T16:41:54+00:00","og_image":[{"width":600,"height":300,"url":"https:\/\/lanaja.sk\/wp-content\/uploads\/2024\/01\/Lanaja.sk-logo.png","type":"image\/png"}],"author":"Al\u017ebeta Andr\u00e1\u0161ikov\u00e1","twitter_card":"summary_large_image","twitter_misc":{"Napsal(a)":"Al\u017ebeta Andr\u00e1\u0161ikov\u00e1","Odhadovan\u00e1 doba \u010dten\u00ed":"4 minuty"},"schema":{"@context":"https:\/\/schema.org","@graph":[{"@type":"Article","@id":"https:\/\/lanaja.sk\/cs\/elementor-12907-2\/#article","isPartOf":{"@id":"https:\/\/lanaja.sk\/cs\/elementor-12907-2\/"},"author":{"name":"Al\u017ebeta Andr\u00e1\u0161ikov\u00e1","@id":"https:\/\/lanaja.sk\/cs\/#\/schema\/person\/03b484e8a920977800eb66d001ff7437"},"headline":"B\u00edl\u00e1 jako symbol \u010distoty a m\u00edru","datePublished":"2024-05-18T16:33:43+00:00","dateModified":"2024-05-18T16:41:54+00:00","mainEntityOfPage":{"@id":"https:\/\/lanaja.sk\/cs\/elementor-12907-2\/"},"wordCount":877,"publisher":{"@id":"https:\/\/lanaja.sk\/cs\/#organization"},"image":{"@id":"https:\/\/lanaja.sk\/cs\/elementor-12907-2\/#primaryimage"},"thumbnailUrl":"","keywords":["ln\u011bn\u00e1 prost\u011bradla","Slovensk\u00e1 zna\u010dka","Slovensk\u00e9 ln\u011bn\u00e9 v\u00fdrobky","Slovensk\u00e9 v\u00fdrobky"],"articleSection":["Len","Udr\u017eiteln\u00fd \u017eivot"],"inLanguage":"cs"},{"@type":"WebPage","@id":"https:\/\/lanaja.sk\/cs\/elementor-12907-2\/","url":"https:\/\/lanaja.sk\/cs\/elementor-12907-2\/","name":"B\u00edl\u00e1 jako symbol \u010distoty a m\u00edru &#8226; Lanaja-slovensk\u00e1 udr\u017eiteln\u00e1 zna\u010dka a v\u00fdrobce ln\u011bn\u00e9ho textilu","isPartOf":{"@id":"https:\/\/lanaja.sk\/cs\/#website"},"primaryImageOfPage":{"@id":"https:\/\/lanaja.sk\/cs\/elementor-12907-2\/#primaryimage"},"image":{"@id":"https:\/\/lanaja.sk\/cs\/elementor-12907-2\/#primaryimage"},"thumbnailUrl":"","datePublished":"2024-05-18T16:33:43+00:00","dateModified":"2024-05-18T16:41:54+00:00","description":"Pro\u010d si vybrat ln\u011bn\u00e9 povle\u010den\u00ed v b\u00edl\u00e9 barv\u011b? B\u00edl\u00e1 barva je v\u0161eobecn\u011b vn\u00edm\u00e1na jako symbol \u010distoty, m\u00edru a nevinnosti. V lo\u017enici...","breadcrumb":{"@id":"https:\/\/lanaja.sk\/cs\/elementor-12907-2\/#breadcrumb"},"inLanguage":"cs","potentialAction":[{"@type":"ReadAction","target":["https:\/\/lanaja.sk\/cs\/elementor-12907-2\/"]}]},{"@type":"ImageObject","inLanguage":"cs","@id":"https:\/\/lanaja.sk\/cs\/elementor-12907-2\/#primaryimage","url":"","contentUrl":"","width":2056,"height":2560,"caption":"b\u00edl\u00e1 barva a span\u00ed v b\u00edl\u00e9m ln\u011bn\u00e9m povle\u010den\u00ed"},{"@type":"BreadcrumbList","@id":"https:\/\/lanaja.sk\/cs\/elementor-12907-2\/#breadcrumb","itemListElement":[{"@type":"ListItem","position":1,"name":"Home","item":"https:\/\/lanaja.sk\/cs\/"},{"@type":"ListItem","position":2,"name":"B\u00edl\u00e1 jako symbol \u010distoty a m\u00edru"}]},{"@type":"WebSite","@id":"https:\/\/lanaja.sk\/cs\/#website","url":"https:\/\/lanaja.sk\/cs\/","name":"Lanaja - bytov\u00fd textil z \u013eanu a \u013eanov\u00e9 v\u00fdrobky","description":"Jedine\u010dn\u00fd bytov\u00fd textil, ln\u011bn\u00e9 pytl\u00edky, ln\u011bn\u00e9 ubrusy, ln\u011bn\u00e9 lo\u017en\u00ed povle\u010den\u00ed, ln\u011bn\u00e9 ut\u011brky, ln\u011bn\u00e9 prost\u00edr\u00e1n\u00ed vyroben\u00e9 a \u0161it\u00e9 na Slovensku","publisher":{"@id":"https:\/\/lanaja.sk\/cs\/#organization"},"alternateName":"Lanaja - v\u00fdrobky z \u013eanu, \u013eanov\u00fd bytov\u00fd textil","potentialAction":[{"@type":"SearchAction","target":{"@type":"EntryPoint","urlTemplate":"https:\/\/lanaja.sk\/cs\/?s={search_term_string}"},"query-input":{"@type":"PropertyValueSpecification","valueRequired":true,"valueName":"search_term_string"}}],"inLanguage":"cs"},{"@type":"Organization","@id":"https:\/\/lanaja.sk\/cs\/#organization","name":"Lanaja","alternateName":"Al\u017ebeta Andr\u00e1\u0161ikov\u00e1 - Lanaja","url":"https:\/\/lanaja.sk\/cs\/","logo":{"@type":"ImageObject","inLanguage":"cs","@id":"https:\/\/lanaja.sk\/cs\/#\/schema\/logo\/image\/","url":"https:\/\/lanaja.sk\/wp-content\/uploads\/2024\/01\/Lanaja.sk-logo.png","contentUrl":"https:\/\/lanaja.sk\/wp-content\/uploads\/2024\/01\/Lanaja.sk-logo.png","width":600,"height":300,"caption":"Lanaja"},"image":{"@id":"https:\/\/lanaja.sk\/cs\/#\/schema\/logo\/image\/"},"sameAs":["https:\/\/www.facebook.com\/Abreadbag","https:\/\/www.instagram.com\/lanaja_sk\/"]},{"@type":"Person","@id":"https:\/\/lanaja.sk\/cs\/#\/schema\/person\/03b484e8a920977800eb66d001ff7437","name":"Al\u017ebeta Andr\u00e1\u0161ikov\u00e1","image":{"@type":"ImageObject","inLanguage":"cs","@id":"https:\/\/secure.gravatar.com\/avatar\/82259c03c46dc4c5e2c3213c2a75239b3f9f30a170c7e18e1b4ea244fd601f8c?s=96&d=mm&r=g","url":"https:\/\/secure.gravatar.com\/avatar\/82259c03c46dc4c5e2c3213c2a75239b3f9f30a170c7e18e1b4ea244fd601f8c?s=96&d=mm&r=g","contentUrl":"https:\/\/secure.gravatar.com\/avatar\/82259c03c46dc4c5e2c3213c2a75239b3f9f30a170c7e18e1b4ea244fd601f8c?s=96&d=mm&r=g","caption":"Al\u017ebeta Andr\u00e1\u0161ikov\u00e1"}}]}},"_links":{"self":[{"href":"https:\/\/lanaja.sk\/cs\/wp-json\/wp\/v2\/posts\/14156","targetHints":{"allow":["GET"]}}],"collection":[{"href":"https:\/\/lanaja.sk\/cs\/wp-json\/wp\/v2\/posts"}],"about":[{"href":"https:\/\/lanaja.sk\/cs\/wp-json\/wp\/v2\/types\/post"}],"author":[{"embeddable":true,"href":"https:\/\/lanaja.sk\/cs\/wp-json\/wp\/v2\/users\/2"}],"replies":[{"embeddable":true,"href":"https:\/\/lanaja.sk\/cs\/wp-json\/wp\/v2\/comments?post=14156"}],"version-history":[{"count":5,"href":"https:\/\/lanaja.sk\/cs\/wp-json\/wp\/v2\/posts\/14156\/revisions"}],"predecessor-version":[{"id":14163,"href":"https:\/\/lanaja.sk\/cs\/wp-json\/wp\/v2\/posts\/14156\/revisions\/14163"}],"wp:featuredmedia":[{"embeddable":true,"href":"https:\/\/lanaja.sk\/cs\/wp-json\/wp\/v2\/media\/13153"}],"wp:attachment":[{"href":"https:\/\/lanaja.sk\/cs\/wp-json\/wp\/v2\/media?parent=14156"}],"wp:term":[{"taxonomy":"category","embeddable":true,"href":"https:\/\/lanaja.sk\/cs\/wp-json\/wp\/v2\/categories?post=14156"},{"taxonomy":"post_tag","embeddable":true,"href":"https:\/\/lanaja.sk\/cs\/wp-json\/wp\/v2\/tags?post=14156"}],"curies":[{"name":"wp","href":"https:\/\/api.w.org\/{rel}","templated":true}]}}